{"id":1662,"date":"2026-01-16T15:57:43","date_gmt":"2026-01-16T15:57:43","guid":{"rendered":"https:\/\/zetunas.com\/?p=1662"},"modified":"2026-01-20T16:40:43","modified_gmt":"2026-01-20T16:40:43","slug":"yatirim-tesvik-mevzuatinda-sinirsiz-endekslenmis-hak-doneminden-maliyet-tavani-cikmazina","status":"publish","type":"post","link":"https:\/\/zetunas.com\/index.php\/2026\/01\/16\/yatirim-tesvik-mevzuatinda-sinirsiz-endekslenmis-hak-doneminden-maliyet-tavani-cikmazina\/","title":{"rendered":"Yat\u0131r\u0131m Te\u015fvik Mevzuat\u0131nda &#8220;S\u0131n\u0131rs\u0131z Endekslenmi\u015f Hak&#8221; D\u00f6neminden &#8220;Maliyet Tavan\u0131&#8221; \u00c7\u0131kmaz\u0131na"},"content":{"rendered":"\n<figure class=\"wp-block-image size-large\"><img fetchpriority=\"high\" decoding=\"async\" width=\"1024\" height=\"896\" src=\"https:\/\/zetunas.com\/wp-content\/uploads\/2026\/01\/b88-1024x896.jpg\" alt=\"\" class=\"wp-image-1663\"\/><\/figure>\n\n\n\n<p>2012\/3305\u2019in Esnekli\u011fi 2025\/9903 ile bitti mi?<br><br>T\u00fcrkiye\u2019nin yat\u0131r\u0131m te\u015fvik mevzuat\u0131, y\u0131llar i\u00e7inde enflasyonun etkilerini y\u00f6neten esnek bir yap\u0131dan, devletin toplam mali y\u00fck\u00fcn\u00fc kesin s\u0131n\u0131rlarla \u00e7izen daha kontroll\u00fc bir modele evriliyor.<br><br>2012\/3305 say\u0131l\u0131 Karar d\u00f6neminde temel felsefe, yat\u0131r\u0131mc\u0131ya ka\u011f\u0131t \u00fczerinde verilen hakk\u0131n reel de\u011ferini korumak \u00fczerine kuruluydu.<br><br>Bu sistemde, yat\u0131r\u0131m\u0131n ba\u015flang\u0131c\u0131nda belirlenen yat\u0131r\u0131ma katk\u0131 tutar\u0131 bir &#8220;asgari hak&#8221; gibi g\u00f6r\u00fcl\u00fcyor ve endeksleme (yeniden de\u011ferleme) mekanizmas\u0131 sayesinde bu tutar, belgedeki nominal rakamlar\u0131 kat kat a\u015fsa dahi herhangi bir engele tak\u0131lm\u0131yordu.<br><br>Yani devlet, yat\u0131r\u0131mc\u0131ya &#8220;sen bu yat\u0131r\u0131m\u0131 ba\u015flatt\u0131\u011f\u0131n g\u00fcnk\u00fc sat\u0131n alma g\u00fcc\u00fcne sahip vergi avantaj\u0131n\u0131, aradan y\u0131llar ge\u00e7se ve rakamlar b\u00fcy\u00fcse de eksiksiz alacaks\u0131n&#8221; g\u00fcvencesini veriyordu.<br><br>Ancak 2025\/9903 say\u0131l\u0131 Karar ile birlikte bu geni\u015f hareket alan\u0131, &#8220;toplam maliyet tavan\u0131&#8221; denilen mutlak bir s\u0131n\u0131ra \u00e7arpm\u0131\u015f durumda.<br><br>Yeni nesil te\u015fviklerde devlet, art\u0131k sadece vergi indirimine odaklanm\u0131yor; KDV istisnas\u0131ndan makine deste\u011fine, faiz yard\u0131m\u0131ndan g\u00fcmr\u00fck muafiyetine kadar sa\u011flanan t\u00fcm avantajlar\u0131n k\u00fcm\u00fclatif toplam\u0131n\u0131 bir havuzda topluyor.<br><br>Buradaki temel k\u0131stas, yat\u0131r\u0131mc\u0131n\u0131n cebinden \u00e7\u0131kan &#8220;ger\u00e7ekle\u015fen sabit yat\u0131r\u0131m tutar\u0131n\u0131n&#8221; g\u00fcncel de\u011feridir.<br><br>Yeni sistemde devletin mant\u0131\u011f\u0131 \u015funa d\u00f6n\u00fc\u015fm\u00fc\u015ft\u00fcr: &#8220;Sana pek \u00e7ok koldan destek veriyorum, ancak bu desteklerin toplam de\u011feri, senin bu yat\u0131r\u0131m i\u00e7in harcad\u0131\u011f\u0131n ve bug\u00fcnle k\u0131yaslad\u0131\u011f\u0131n toplam paray\u0131 bir kuru\u015f bile ge\u00e7emez.&#8221;<br><br>Bu k\u00f6kl\u00fc fark\u0131 somut bir senaryo \u00fczerinden okuyacak olursak, 100 milyon liral\u0131k bir yat\u0131r\u0131m yapan bir sanayiciyi hayal edelim.<br><br>2012 sisteminde bu ki\u015finin 30 milyon liral\u0131k bir vergi indirimi hakk\u0131 oldu\u011funu ve y\u00fcksek enflasyon ortam\u0131nda bu hakk\u0131n endekslenerek nominal olarak 150 milyon liraya ula\u015ft\u0131\u011f\u0131n\u0131 varsayal\u0131m; yat\u0131r\u0131mc\u0131 bu 150 milyonun tamam\u0131n\u0131 vergiden d\u00fc\u015febilirdi.<br><br>Ancak 2025 sisteminde ayn\u0131 sanayici, vergi indiriminin yan\u0131 s\u0131ra faiz ve makine deste\u011fi gibi \u00e7e\u015fitli kalemlerden de faydalan\u0131yorsa durum de\u011fi\u015fir.<br><br>E\u011fer bu t\u00fcm desteklerin g\u00fcncellenmi\u015f toplam\u0131, yat\u0131r\u0131mc\u0131n\u0131n harcad\u0131\u011f\u0131 100 milyonun bug\u00fcnk\u00fc g\u00fcncellenmi\u015f de\u011ferine (\u00f6rne\u011fin 250 milyon liraya) ula\u015f\u0131rsa, te\u015fvik kullan\u0131m\u0131 o noktada b\u0131\u00e7ak gibi kesilir.<br><br>Yat\u0131r\u0131mc\u0131, kendi yapt\u0131\u011f\u0131 toplam harcaman\u0131n g\u00fcncel de\u011ferinden daha fazlas\u0131n\u0131 devletten te\u015fvik yoluyla geri alamaz.<br><br>Sonu\u00e7 olarak, eski sistemde yat\u0131r\u0131mc\u0131n\u0131n hak kazand\u0131\u011f\u0131 &#8220;katk\u0131 tutar\u0131&#8221; kendi i\u00e7inde ba\u011f\u0131ms\u0131z ve ucu a\u00e7\u0131k bir b\u00fcy\u00fcme potansiyeline sahipken, yeni sistemde bu hak, &#8220;yat\u0131r\u0131m\u0131n toplam maliyeti&#8221; ile m\u00fch\u00fcrlenmi\u015ftir.<br><br>Bu durum, te\u015fvik y\u00f6netimini sadece bir vergi avantaj\u0131 takibi olmaktan \u00e7\u0131kar\u0131p, t\u00fcm destek kalemlerinin titizlikle hesapland\u0131\u011f\u0131 bir maliyet y\u00f6netimi s\u00fcrecine d\u00f6n\u00fc\u015ft\u00fcr\u00fcyor.<br><br>Art\u0131k devlet, yat\u0131r\u0131m\u0131n maliyetine ortak olmay\u0131 kabul etmekte ancak bu ortakl\u0131\u011f\u0131n, yat\u0131r\u0131m\u0131n toplam bedelini a\u015fan bir &#8220;k\u00e2r aktar\u0131m\u0131na&#8221; d\u00f6n\u00fc\u015fmesine m\u00fcsaade etmemektedir.<\/p>\n\n\n\n<p><a href=\"https:\/\/www.linkedin.com\/posts\/samet-hac%C4%B1saliho%C4%9Flu-7b52a81b9_yat%C4%B1r%C4%B1m-te%C5%9Fvik-mevzuat%C4%B1nda-s%C4%B1n%C4%B1rs%C4%B1z-endekslenmi%C5%9F-activity-7416445528772648960-q-Zt?utm_source=share&amp;utm_medium=member_desktop&amp;rcm=ACoAADLETHkBo7W5WV4LoRmhYdIARpF79rFeJP0\">https:\/\/www.linkedin.com\/posts\/samet-hac%C4%B1saliho%C4%9Flu-7b52a81b9_yat%C4%B1r%C4%B1m-te%C5%9Fvik-mevzuat%C4%B1nda-s%C4%B1n%C4%B1rs%C4%B1z-endekslenmi%C5%9F-activity-7416445528772648960-q-Zt?utm_source=share&amp;utm_medium=member_desktop&amp;rcm=ACoAADLETHkBo7W5WV4LoRmhYdIARpF79rFeJP0<\/a><\/p>\n\n\n\n<p>Sayg\u0131lar\u0131m\u0131zla.<\/p>\n","protected":false},"excerpt":{"rendered":"<p>2012\/3305\u2019in Esnekli\u011fi 2025\/9903 ile bitti mi? T\u00fcrkiye\u2019nin yat\u0131r\u0131m te\u015fvik mevzuat\u0131, y\u0131llar i\u00e7inde enflasyonun etkilerini y\u00f6neten esnek bir yap\u0131dan, devletin toplam mali y\u00fck\u00fcn\u00fc kesin s\u0131n\u0131rlarla \u00e7izen daha kontroll\u00fc bir modele evriliyor. 2012\/3305 say\u0131l\u0131 Karar d\u00f6neminde temel felsefe, yat\u0131r\u0131mc\u0131ya ka\u011f\u0131t \u00fczerinde verilen hakk\u0131n reel de\u011ferini korumak \u00fczerine kuruluydu. Bu sistemde, yat\u0131r\u0131m\u0131n ba\u015flang\u0131c\u0131nda belirlenen yat\u0131r\u0131ma katk\u0131 tutar\u0131 bir [&hellip;]<\/p>\n","protected":false},"author":2,"featured_media":0,"comment_status":"closed","ping_status":"open","sticky":false,"template":"","format":"standard","meta":{"footnotes":""},"categories":[19],"tags":[],"class_list":["post-1662","post","type-post","status-publish","format-standard","hentry","category-mevzuat"],"_links":{"self":[{"href":"https:\/\/zetunas.com\/index.php\/wp-json\/wp\/v2\/posts\/1662","targetHints":{"allow":["GET"]}}],"collection":[{"href":"https:\/\/zetunas.com\/index.php\/wp-json\/wp\/v2\/posts"}],"about":[{"href":"https:\/\/zetunas.com\/index.php\/wp-json\/wp\/v2\/types\/post"}],"author":[{"embeddable":true,"href":"https:\/\/zetunas.com\/index.php\/wp-json\/wp\/v2\/users\/2"}],"replies":[{"embeddable":true,"href":"https:\/\/zetunas.com\/index.php\/wp-json\/wp\/v2\/comments?post=1662"}],"version-history":[{"count":1,"href":"https:\/\/zetunas.com\/index.php\/wp-json\/wp\/v2\/posts\/1662\/revisions"}],"predecessor-version":[{"id":1664,"href":"https:\/\/zetunas.com\/index.php\/wp-json\/wp\/v2\/posts\/1662\/revisions\/1664"}],"wp:attachment":[{"href":"https:\/\/zetunas.com\/index.php\/wp-json\/wp\/v2\/media?parent=1662"}],"wp:term":[{"taxonomy":"category","embeddable":true,"href":"https:\/\/zetunas.com\/index.php\/wp-json\/wp\/v2\/categories?post=1662"},{"taxonomy":"post_tag","embeddable":true,"href":"https:\/\/zetunas.com\/index.php\/wp-json\/wp\/v2\/tags?post=1662"}],"curies":[{"name":"wp","href":"https:\/\/api.w.org\/{rel}","templated":true}]}}