{"id":1649,"date":"2026-01-16T15:57:43","date_gmt":"2026-01-16T15:57:43","guid":{"rendered":"https:\/\/zetunas.com\/?p=1649"},"modified":"2026-01-20T16:41:22","modified_gmt":"2026-01-20T16:41:22","slug":"istanbulda-yatirim-tesvik-kilidi-sadece-devler-ve-yuksek-teknoloji-girebilir","status":"publish","type":"post","link":"https:\/\/zetunas.com\/index.php\/2026\/01\/16\/istanbulda-yatirim-tesvik-kilidi-sadece-devler-ve-yuksek-teknoloji-girebilir\/","title":{"rendered":"\u0130stanbul\u2019da Yat\u0131r\u0131m Te\u015fvik Kilidi: Sadece &#8220;Devler&#8221; ve &#8220;Y\u00fcksek Teknoloji&#8221; Girebilir!"},"content":{"rendered":"\n<figure class=\"wp-block-image size-large\"><img fetchpriority=\"high\" decoding=\"async\" width=\"1024\" height=\"896\" src=\"https:\/\/zetunas.com\/wp-content\/uploads\/2026\/01\/b84-1024x896.jpg\" alt=\"\" class=\"wp-image-1650\"\/><\/figure>\n\n\n\n<p>\u0130stanbul Yat\u0131r\u0131mlar\u0131 \u0130\u00e7in Te\u015fvik K\u0131s\u0131tlamalar\u0131<br><br>Yat\u0131r\u0131m te\u015fvik sisteminde \u0130stanbul, sosyo-ekonomik geli\u015fmi\u015flik seviyesi en y\u00fcksek il olarak\u00a01. B\u00f6lge\u2019de yer almaktad\u0131r. Bu durum, \u0130stanbul\u2019un di\u011fer illere g\u00f6re daha az destek almas\u0131na ve bir\u00e7ok sekt\u00f6rde ciddi k\u0131s\u0131tlamalarla kar\u015f\u0131la\u015fmas\u0131na neden olur. Devletin buradaki temel stratejisi, genel sanayi y\u00fck\u00fcn\u00fc \u0130stanbul\u2019dan Anadolu\u2019ya kayd\u0131rmak ve \u0130stanbul\u2019u sadece &#8220;\u00e7ok y\u00fcksek teknolojili&#8221; ve &#8220;dev \u00f6l\u00e7ekli&#8221; projelerin merkezi yapmakt\u0131r.<br><br>Teknoloji ve Yat\u0131r\u0131m Tutar\u0131 Engeli:<br><br>\u0130stanbul\u2019da bir yat\u0131r\u0131m\u0131n &#8220;\u00d6ncelikli Yat\u0131r\u0131m&#8221; say\u0131labilmesi i\u00e7in \u015fartlar olduk\u00e7a a\u011f\u0131rd\u0131r. \u00d6rne\u011fin; orta-y\u00fcksek teknolojili bir \u00fcr\u00fcn \u00fcretecekseniz, \u0130stanbul\u2019da destek alabilmek i\u00e7in asgari yat\u0131r\u0131m tutar\u0131n\u0131n\u00a01 milyar TL\u00a0olmas\u0131 gerekir. Y\u00fcksek teknolojili \u00fcr\u00fcnlerde ise bu alt s\u0131n\u0131r\u00a0500 milyon TL\u00a0olarak belirlenmi\u015ftir. Bu tutarlar\u0131n alt\u0131ndaki teknolojik yat\u0131r\u0131mlar \u0130stanbul&#8217;da &#8220;\u00f6ncelikli&#8221; stat\u00fcs\u00fc kazanamaz. (2025 verileri)<br><br>Enerji Sekt\u00f6r\u00fcndeki Keskin S\u0131n\u0131rlar:<br><br>Kararnameye g\u00f6re \u0130stanbul, enerji yat\u0131r\u0131mlar\u0131 konusunda en k\u0131s\u0131tl\u0131 b\u00f6lgedir. \u0130stanbul ilinde ger\u00e7ekle\u015ftirilecek;\u00a0elektrik \u00fcretimi, elektrik enerjisi da\u011f\u0131t\u0131m\u0131 ve elektrik enerjisi depolama\u00a0yat\u0131r\u0131mlar\u0131 &#8220;vergi indirimi&#8221; deste\u011finden yararlanamaz. Ayr\u0131ca bu yat\u0131r\u0131mlara faiz veya k\u00e2r pay\u0131 deste\u011fi de sa\u011flanmaz.<br><br>Madencilik ve Sanayi Yasaklar\u0131:<br><br>\u0130stanbul s\u0131n\u0131rlar\u0131 i\u00e7erisinde ger\u00e7ekle\u015ftirilecek\u00a0madencilik yat\u0131r\u0131mlar\u0131\u00a0(istihra\u00e7 veya i\u015fleme) te\u015fvik kapsam\u0131 d\u0131\u015f\u0131nda tutulmu\u015ftur. Benzer \u015fekilde, imalat sanayiinde Ar-Ge merkezi destekleri genellikle \u0130stanbul d\u0131\u015f\u0131ndaki illere odaklanm\u0131\u015ft\u0131r; \u0130stanbul\u2019daki Ar-Ge projeleri ancak \u00e7ok \u00f6zel \u015fartlarla destek bulabilmektedir.<br><br>Hizmet ve Turizmdeki Limitler:<br><br>E\u011fitim ve sa\u011fl\u0131k gibi alanlarda kamu kurumlar\u0131n\u0131n yat\u0131r\u0131mlar\u0131 \u0130stanbul\u2019da te\u015fvik d\u0131\u015f\u0131 b\u0131rak\u0131l\u0131rken, otel yat\u0131r\u0131mlar\u0131nda da yine en y\u00fcksek oda kapasitesi ve kalite standartlar\u0131 aranmaktad\u0131r.<br><br>\u00d6zetle;\u00a0E\u011fer yat\u0131r\u0131m\u0131n\u0131z \u00e7ok b\u00fcy\u00fck \u00f6l\u00e7ekli (stratejik) veya ileri teknoloji odakl\u0131 de\u011filse, \u0130stanbul yat\u0131r\u0131m te\u015fvik sistemi a\u00e7\u0131s\u0131ndan &#8220;en az desteklenen ve en \u00e7ok k\u0131s\u0131tlanan&#8221; \u015fehir konumundad\u0131r.<br><br>Devlet, &#8220;\u0130stanbul doldu, yat\u0131r\u0131m\u0131 Anadolu&#8217;ya g\u00f6t\u00fcr&#8221; mesaj\u0131n\u0131 bu k\u0131s\u0131tlamalarla net bir \u015fekilde vermektedir.<br><br>YTB &#8211; K\u0131sa Notlar 10<\/p>\n\n\n\n<p><a href=\"https:\/\/www.linkedin.com\/posts\/samet-hac%C4%B1saliho%C4%9Flu-7b52a81b9_yataftraftmteagnviki-iaovstanbul-ekonomi-activity-7413879034868137984-ie67?utm_source=share&amp;utm_medium=member_desktop&amp;rcm=ACoAADLETHkBo7W5WV4LoRmhYdIARpF79rFeJP0\">https:\/\/www.linkedin.com\/posts\/samet-hac%C4%B1saliho%C4%9Flu-7b52a81b9_yataftraftmteagnviki-iaovstanbul-ekonomi-activity-7413879034868137984-ie67?utm_source=share&amp;utm_medium=member_desktop&amp;rcm=ACoAADLETHkBo7W5WV4LoRmhYdIARpF79rFeJP0<\/a><\/p>\n\n\n\n<p>Sayg\u0131lar\u0131m\u0131zla.<\/p>\n","protected":false},"excerpt":{"rendered":"<p>\u0130stanbul Yat\u0131r\u0131mlar\u0131 \u0130\u00e7in Te\u015fvik K\u0131s\u0131tlamalar\u0131 Yat\u0131r\u0131m te\u015fvik sisteminde \u0130stanbul, sosyo-ekonomik geli\u015fmi\u015flik seviyesi en y\u00fcksek il olarak\u00a01. B\u00f6lge\u2019de yer almaktad\u0131r. Bu durum, \u0130stanbul\u2019un di\u011fer illere g\u00f6re daha az destek almas\u0131na ve bir\u00e7ok sekt\u00f6rde ciddi k\u0131s\u0131tlamalarla kar\u015f\u0131la\u015fmas\u0131na neden olur. Devletin buradaki temel stratejisi, genel sanayi y\u00fck\u00fcn\u00fc \u0130stanbul\u2019dan Anadolu\u2019ya kayd\u0131rmak ve \u0130stanbul\u2019u sadece &#8220;\u00e7ok y\u00fcksek teknolojili&#8221; ve &#8220;dev [&hellip;]<\/p>\n","protected":false},"author":2,"featured_media":0,"comment_status":"closed","ping_status":"open","sticky":false,"template":"","format":"standard","meta":{"footnotes":""},"categories":[19],"tags":[],"class_list":["post-1649","post","type-post","status-publish","format-standard","hentry","category-mevzuat"],"_links":{"self":[{"href":"https:\/\/zetunas.com\/index.php\/wp-json\/wp\/v2\/posts\/1649","targetHints":{"allow":["GET"]}}],"collection":[{"href":"https:\/\/zetunas.com\/index.php\/wp-json\/wp\/v2\/posts"}],"about":[{"href":"https:\/\/zetunas.com\/index.php\/wp-json\/wp\/v2\/types\/post"}],"author":[{"embeddable":true,"href":"https:\/\/zetunas.com\/index.php\/wp-json\/wp\/v2\/users\/2"}],"replies":[{"embeddable":true,"href":"https:\/\/zetunas.com\/index.php\/wp-json\/wp\/v2\/comments?post=1649"}],"version-history":[{"count":1,"href":"https:\/\/zetunas.com\/index.php\/wp-json\/wp\/v2\/posts\/1649\/revisions"}],"predecessor-version":[{"id":1651,"href":"https:\/\/zetunas.com\/index.php\/wp-json\/wp\/v2\/posts\/1649\/revisions\/1651"}],"wp:attachment":[{"href":"https:\/\/zetunas.com\/index.php\/wp-json\/wp\/v2\/media?parent=1649"}],"wp:term":[{"taxonomy":"category","embeddable":true,"href":"https:\/\/zetunas.com\/index.php\/wp-json\/wp\/v2\/categories?post=1649"},{"taxonomy":"post_tag","embeddable":true,"href":"https:\/\/zetunas.com\/index.php\/wp-json\/wp\/v2\/tags?post=1649"}],"curies":[{"name":"wp","href":"https:\/\/api.w.org\/{rel}","templated":true}]}}