{"id":1627,"date":"2026-01-16T15:57:43","date_gmt":"2026-01-16T15:57:43","guid":{"rendered":"https:\/\/zetunas.com\/?p=1627"},"modified":"2026-01-20T16:40:49","modified_gmt":"2026-01-20T16:40:49","slug":"ges-ve-res-yatirimlarinda-kritik-viraj-yeka-ihaleleri-serbestligiithal-ekipmanla-tesvik-mumkun-mu","status":"publish","type":"post","link":"https:\/\/zetunas.com\/index.php\/2026\/01\/16\/ges-ve-res-yatirimlarinda-kritik-viraj-yeka-ihaleleri-serbestligiithal-ekipmanla-tesvik-mumkun-mu\/","title":{"rendered":"GES ve RES Yat\u0131r\u0131mlar\u0131nda Kritik Viraj: YEKA \u0130haleleri Serbestli\u011fi\u0130thal Ekipmanla Te\u015fvik M\u00fcmk\u00fcn m\u00fc?"},"content":{"rendered":"\n<figure class=\"wp-block-image size-large\"><img fetchpriority=\"high\" decoding=\"async\" width=\"1024\" height=\"896\" src=\"https:\/\/zetunas.com\/wp-content\/uploads\/2026\/01\/b77-1024x896.jpg\" alt=\"\" class=\"wp-image-1628\"\/><\/figure>\n\n\n\n<p>Yenilenebilir enerji yat\u0131r\u0131mlar\u0131 te\u015fvik kapsam\u0131nda olsa da, mevzuat\u0131n &#8220;yerli mal\u0131&#8221; bariyeri \u00e7o\u011fu zaman g\u00f6zden ka\u00e7abiliyor. Te\u015fvik belgesi alm\u0131\u015f olman\u0131z, ithal panellerle s\u00fcreci tamamlayabilece\u011finiz anlam\u0131na gelmiyor.<br><br>YTB &#8211; K\u0131sa Notlar serimizin 8. b\u00f6l\u00fcm\u00fcnde, GES ve RES projelerindeki yerlilik zorunlulu\u011funu ve yakla\u015fan 2026 de\u011fi\u015fikli\u011fini ele al\u0131yoruz.<br><br>Mevzuat Ne Diyor?<br><br>\u2600\ufe0f\u00a0G\u00fcne\u015f (GES):\u00a0Sadece &#8220;panelin&#8221; yerli olmas\u0131 yetmiyor. \u00dcretim s\u00fcrecinin ingot dilimleme a\u015famas\u0131ndan itibaren yurt i\u00e7inde \u00fcretilmi\u015f h\u00fccreye dayanmas\u0131 \u015fart. Ayr\u0131ca ta\u015f\u0131y\u0131c\u0131 konstr\u00fcksiyonlar da yerli olmal\u0131.<br><br>\ud83c\udf2c\ufe0f\u00a0R\u00fczgar (RES):\u00a0Kanat ve kulelerin yerli \u00fcretim olmas\u0131 zorunlu.<br><br>\u26a0\ufe0f\u00a0Kritik Tarih:\u00a01 Ocak 2026 itibar\u0131yla yap\u0131lacak ba\u015fvurularda kanat ve kuleye ek olarak;\u00a0jenerat\u00f6r\u00fcn veya naselin\u00a0de yurt i\u00e7inde \u00fcretilmi\u015f olmas\u0131 gerekecek.<br><br>21.06.2025 Tarihinden \u00f6nce (Bu tarih hari\u00e7) ger\u00e7ekle\u015ftirilen Yenilenebilir Enerji Kaynak Alan\u0131 (YEKA) ihaleleri sonucu s\u00f6zle\u015fme imzalama hakk\u0131 kazanm\u0131\u015f olan ve yine bu tarihten \u00f6nce \u00f6n lisans veya lisans alm\u0131\u015f olan r\u00fczg\u00e2r enerjisine dayal\u0131 elektrik \u00fcretimi yat\u0131r\u0131mlar\u0131nda bu nitelikler (Kanat, Kule, Jenerat\u00f6r, naselin) aranmaz.<br><br>Yat\u0131r\u0131m planlamas\u0131 yaparken tedarik zincirini bu kurallara g\u00f6re kurgulamayan projeler, te\u015fvik kap\u0131s\u0131ndan geri d\u00f6nebilir.<br><br>YTB &#8211; K\u0131sa Notlar\u00a08<\/p>\n\n\n\n<p><a href=\"https:\/\/www.linkedin.com\/posts\/samet-hac%C4%B1saliho%C4%9Flu-7b52a81b9_yataftraftmteagnvik-enerjiyataftraftmlaraft-activity-7406939967253311489-3hZR?utm_source=share&amp;utm_medium=member_desktop&amp;rcm=ACoAADLETHkBo7W5WV4LoRmhYdIARpF79rFeJP0\">https:\/\/www.linkedin.com\/posts\/samet-hac%C4%B1saliho%C4%9Flu-7b52a81b9_yataftraftmteagnvik-enerjiyataftraftmlaraft-activity-7406939967253311489-3hZR?utm_source=share&amp;utm_medium=member_desktop&amp;rcm=ACoAADLETHkBo7W5WV4LoRmhYdIARpF79rFeJP0<\/a><\/p>\n\n\n\n<p>Sayg\u0131lar\u0131m\u0131zla.<\/p>\n","protected":false},"excerpt":{"rendered":"<p>Yenilenebilir enerji yat\u0131r\u0131mlar\u0131 te\u015fvik kapsam\u0131nda olsa da, mevzuat\u0131n &#8220;yerli mal\u0131&#8221; bariyeri \u00e7o\u011fu zaman g\u00f6zden ka\u00e7abiliyor. Te\u015fvik belgesi alm\u0131\u015f olman\u0131z, ithal panellerle s\u00fcreci tamamlayabilece\u011finiz anlam\u0131na gelmiyor. YTB &#8211; K\u0131sa Notlar serimizin 8. b\u00f6l\u00fcm\u00fcnde, GES ve RES projelerindeki yerlilik zorunlulu\u011funu ve yakla\u015fan 2026 de\u011fi\u015fikli\u011fini ele al\u0131yoruz. Mevzuat Ne Diyor? \u2600\ufe0f\u00a0G\u00fcne\u015f (GES):\u00a0Sadece &#8220;panelin&#8221; yerli olmas\u0131 yetmiyor. \u00dcretim s\u00fcrecinin [&hellip;]<\/p>\n","protected":false},"author":2,"featured_media":0,"comment_status":"closed","ping_status":"open","sticky":false,"template":"","format":"standard","meta":{"footnotes":""},"categories":[19],"tags":[],"class_list":["post-1627","post","type-post","status-publish","format-standard","hentry","category-mevzuat"],"_links":{"self":[{"href":"https:\/\/zetunas.com\/index.php\/wp-json\/wp\/v2\/posts\/1627","targetHints":{"allow":["GET"]}}],"collection":[{"href":"https:\/\/zetunas.com\/index.php\/wp-json\/wp\/v2\/posts"}],"about":[{"href":"https:\/\/zetunas.com\/index.php\/wp-json\/wp\/v2\/types\/post"}],"author":[{"embeddable":true,"href":"https:\/\/zetunas.com\/index.php\/wp-json\/wp\/v2\/users\/2"}],"replies":[{"embeddable":true,"href":"https:\/\/zetunas.com\/index.php\/wp-json\/wp\/v2\/comments?post=1627"}],"version-history":[{"count":1,"href":"https:\/\/zetunas.com\/index.php\/wp-json\/wp\/v2\/posts\/1627\/revisions"}],"predecessor-version":[{"id":1629,"href":"https:\/\/zetunas.com\/index.php\/wp-json\/wp\/v2\/posts\/1627\/revisions\/1629"}],"wp:attachment":[{"href":"https:\/\/zetunas.com\/index.php\/wp-json\/wp\/v2\/media?parent=1627"}],"wp:term":[{"taxonomy":"category","embeddable":true,"href":"https:\/\/zetunas.com\/index.php\/wp-json\/wp\/v2\/categories?post=1627"},{"taxonomy":"post_tag","embeddable":true,"href":"https:\/\/zetunas.com\/index.php\/wp-json\/wp\/v2\/tags?post=1627"}],"curies":[{"name":"wp","href":"https:\/\/api.w.org\/{rel}","templated":true}]}}