{"id":1599,"date":"2026-01-16T15:57:11","date_gmt":"2026-01-16T15:57:11","guid":{"rendered":"https:\/\/zetunas.com\/?p=1599"},"modified":"2026-01-16T15:57:11","modified_gmt":"2026-01-16T15:57:11","slug":"2025-ve-sonrasinda-vergide-bizi-neler-bekliyor","status":"publish","type":"post","link":"https:\/\/zetunas.com\/index.php\/2026\/01\/16\/2025-ve-sonrasinda-vergide-bizi-neler-bekliyor\/","title":{"rendered":"2025 ve Sonras\u0131nda Vergide Bizi Neler Bekliyor?"},"content":{"rendered":"\n<figure class=\"wp-block-image size-large\"><img fetchpriority=\"high\" decoding=\"async\" width=\"1024\" height=\"896\" src=\"https:\/\/zetunas.com\/wp-content\/uploads\/2026\/01\/b68-1024x896.jpg\" alt=\"\" class=\"wp-image-1600\"\/><\/figure>\n\n\n\n<p><a href=\"https:\/\/www.linkedin.com\/company\/lebib-yalkin\/\">Lebib Yalk\u0131n<\/a> Mevzuat Dergisi\u2019nin Aral\u0131k say\u0131s\u0131nda, g\u00fcndemdeki &#8220;Vergi Kanunlar\u0131 ile Baz\u0131 Kanunlarda De\u011fi\u015fiklik Yap\u0131lmas\u0131na Dair Kanun Teklifi&#8221;ni t\u00fcm detaylar\u0131yla analiz etti\u011fimiz yaz\u0131m\u0131z yay\u0131mland\u0131.<br><br>Ger\u00e7ekle\u015ftirdi\u011fimiz bu kapsaml\u0131 s\u00f6yle\u015fide, milyonlarca vatanda\u015f\u0131 ve i\u015fletmeyi do\u011frudan etkileyecek radikal de\u011fi\u015fiklikleri masaya yat\u0131rd\u0131k.<br><br>\ud83d\udd0d\u00a0Yaz\u0131m\u0131zda \u00f6ne \u00e7\u0131kan ve dikkat etmeniz gereken temel ba\u015fl\u0131klar:<br><br>\ud83c\udfe0\u00a0Kira Gelirlerinde D\u00f6nem Bitiyor:\u00a0SGK emeklileri, dul ve yetimler hari\u00e7 olmak \u00fczere &#8220;Mesken Kira Geliri \u0130stisnas\u0131&#8221; 2026 itibar\u0131yla kald\u0131r\u0131l\u0131yor. \u0130lk liradan itibaren vergi d\u00f6nemi ba\u015fl\u0131yor.<br><br>\ud83c\udfe6\u00a0Kredi Faizleri Gider Yaz\u0131lamayacak:\u00a0Konut d\u0131\u015f\u0131 (d\u00fckkan, ofis vb.) kiralamalar i\u00e7in kullan\u0131lan kredilerin faiz giderleri art\u0131k matrahtan d\u00fc\u015f\u00fclemeyecek.<br><br>\ud83d\udd04\u00a0D\u00f6rd\u00fcnc\u00fc Ge\u00e7ici Vergi Geri Geliyor:\u00a02025 kazan\u00e7lar\u0131 itibar\u0131yla 4. d\u00f6nem ge\u00e7ici vergi beyannamesi tekrar hayat\u0131m\u0131za giriyor.<br><br>\ud83d\udeab\u00a0Yat\u0131r\u0131m Fonu \u0130stisnas\u0131na T\u0131rpan:\u00a0Borsa yat\u0131r\u0131m fonlar\u0131ndaki istisna daralt\u0131larak sadece belirli fonlar i\u00e7in ge\u00e7erli olacak.<br><br>\ud83d\udcdd\u00a0Tapu Harc\u0131nda A\u011f\u0131r Cezalar:\u00a0Gayrimenkul al\u0131m-sat\u0131m\u0131nda d\u00fc\u015f\u00fck bedel g\u00f6stermenin cezas\u0131, eksik harc\u0131n %25&#8217;inden %100&#8217;\u00fcne (1 kat\u0131na) \u00e7\u0131kar\u0131l\u0131yor.<br><br>\ud83d\ude97\u00a0Ara\u00e7 Sat\u0131\u015f\u0131na Noter Harc\u0131:\u00a0\u0130kinci el dahil t\u00fcm ara\u00e7 sat\u0131\u015flar\u0131nda binde 2 oran\u0131nda yeni bir noter harc\u0131 geliyor. B\u0130R KISIM \u0130ST\u0130SNALARI BULUNMAKTA.<br><br>\ud83d\udc68\u200d\u2695\ufe0f\u00a0Mesleklere Y\u0131ll\u0131k Har\u00e7:\u00a0Doktor, di\u015f hekimi, emlak\u00e7\u0131, galerici ve kuyumcular i\u00e7in yeni &#8220;y\u0131ll\u0131k ruhsat\/yetki belgesi har\u00e7lar\u0131&#8221; getiriliyor.<br><br>T\u00fcm bu d\u00fczenlemelerin y\u00fcr\u00fcrl\u00fck tarihlerini, say\u0131sal \u00f6rneklerini ve etki analizlerini Lebib Yalk\u0131n Aral\u0131k say\u0131s\u0131nda bulabilirsiniz.<br><br>Eme\u011fi ge\u00e7enlere te\u015fekk\u00fcrler. Keyifli okumalar dilerim.<\/p>\n\n\n\n<p><a href=\"https:\/\/www.linkedin.com\/posts\/samet-hac%C4%B1saliho%C4%9Flu-7b52a81b9_vergi-lebibyalkaftn-mevzuat-activity-7401866553895542784-_NLJ?utm_source=share&amp;utm_medium=member_desktop&amp;rcm=ACoAADLETHkBo7W5WV4LoRmhYdIARpF79rFeJP0\">https:\/\/www.linkedin.com\/posts\/samet-hac%C4%B1saliho%C4%9Flu-7b52a81b9_vergi-lebibyalkaftn-mevzuat-activity-7401866553895542784-_NLJ?utm_source=share&amp;utm_medium=member_desktop&amp;rcm=ACoAADLETHkBo7W5WV4LoRmhYdIARpF79rFeJP0<\/a><\/p>\n\n\n\n<p>Sayg\u0131lar\u0131m\u0131zla.<\/p>\n","protected":false},"excerpt":{"rendered":"<p>Lebib Yalk\u0131n Mevzuat Dergisi\u2019nin Aral\u0131k say\u0131s\u0131nda, g\u00fcndemdeki &#8220;Vergi Kanunlar\u0131 ile Baz\u0131 Kanunlarda De\u011fi\u015fiklik Yap\u0131lmas\u0131na Dair Kanun Teklifi&#8221;ni t\u00fcm detaylar\u0131yla analiz etti\u011fimiz yaz\u0131m\u0131z yay\u0131mland\u0131. Ger\u00e7ekle\u015ftirdi\u011fimiz bu kapsaml\u0131 s\u00f6yle\u015fide, milyonlarca vatanda\u015f\u0131 ve i\u015fletmeyi do\u011frudan etkileyecek radikal de\u011fi\u015fiklikleri masaya yat\u0131rd\u0131k. \ud83d\udd0d\u00a0Yaz\u0131m\u0131zda \u00f6ne \u00e7\u0131kan ve dikkat etmeniz gereken temel ba\u015fl\u0131klar: \ud83c\udfe0\u00a0Kira Gelirlerinde D\u00f6nem Bitiyor:\u00a0SGK emeklileri, dul ve yetimler hari\u00e7 [&hellip;]<\/p>\n","protected":false},"author":2,"featured_media":0,"comment_status":"closed","ping_status":"open","sticky":false,"template":"","format":"standard","meta":{"footnotes":""},"categories":[19],"tags":[],"class_list":["post-1599","post","type-post","status-publish","format-standard","hentry","category-mevzuat"],"_links":{"self":[{"href":"https:\/\/zetunas.com\/index.php\/wp-json\/wp\/v2\/posts\/1599","targetHints":{"allow":["GET"]}}],"collection":[{"href":"https:\/\/zetunas.com\/index.php\/wp-json\/wp\/v2\/posts"}],"about":[{"href":"https:\/\/zetunas.com\/index.php\/wp-json\/wp\/v2\/types\/post"}],"author":[{"embeddable":true,"href":"https:\/\/zetunas.com\/index.php\/wp-json\/wp\/v2\/users\/2"}],"replies":[{"embeddable":true,"href":"https:\/\/zetunas.com\/index.php\/wp-json\/wp\/v2\/comments?post=1599"}],"version-history":[{"count":1,"href":"https:\/\/zetunas.com\/index.php\/wp-json\/wp\/v2\/posts\/1599\/revisions"}],"predecessor-version":[{"id":1601,"href":"https:\/\/zetunas.com\/index.php\/wp-json\/wp\/v2\/posts\/1599\/revisions\/1601"}],"wp:attachment":[{"href":"https:\/\/zetunas.com\/index.php\/wp-json\/wp\/v2\/media?parent=1599"}],"wp:term":[{"taxonomy":"category","embeddable":true,"href":"https:\/\/zetunas.com\/index.php\/wp-json\/wp\/v2\/categories?post=1599"},{"taxonomy":"post_tag","embeddable":true,"href":"https:\/\/zetunas.com\/index.php\/wp-json\/wp\/v2\/tags?post=1599"}],"curies":[{"name":"wp","href":"https:\/\/api.w.org\/{rel}","templated":true}]}}