{"id":1596,"date":"2026-01-16T15:57:11","date_gmt":"2026-01-16T15:57:11","guid":{"rendered":"https:\/\/zetunas.com\/?p=1596"},"modified":"2026-01-16T15:59:39","modified_gmt":"2026-01-16T15:59:39","slug":"1596","status":"publish","type":"post","link":"https:\/\/zetunas.com\/index.php\/2026\/01\/16\/1596\/","title":{"rendered":"CUMHURBA\u015eKANLI\u011eI V\u0130ZYONU VE ANADOLU\u2019YA SANAY\u0130 G\u00d6\u00c7\u00dc"},"content":{"rendered":"\n<figure class=\"wp-block-image size-large\"><img fetchpriority=\"high\" decoding=\"async\" width=\"1024\" height=\"896\" src=\"https:\/\/zetunas.com\/wp-content\/uploads\/2026\/01\/b67-1024x896.jpg\" alt=\"\" class=\"wp-image-1597\"\/><\/figure>\n\n\n\n<p>Cumhurba\u015fkan\u0131 Say\u0131n Recep Tayyip Erdo\u011fan\u2019\u0131n Kabine Toplant\u0131s\u0131 sonras\u0131 i\u015faret etti\u011fi &#8220;Topyek\u00fbn Kalk\u0131nma Seferberli\u011fi&#8221; vizyonu; Anadolu\u2019da olu\u015fturulacak 4 yeni sanayi koridoru, liman ba\u011flant\u0131l\u0131 demiryolu a\u011flar\u0131 ve planl\u0131 sanayi alanlar\u0131n\u0131n geni\u015fletilmesi hedefleriyle sanayimizin desantralizasyonunda yeni bir d\u00f6nemi ba\u015flatmaktad\u0131r. \u00d6zellikle emek yo\u011fun sekt\u00f6rlerin bat\u0131daki s\u0131k\u0131\u015fm\u0131\u015fl\u0131ktan kurtar\u0131larak Anadolu\u2019ya ta\u015f\u0131nmas\u0131 ve bu s\u00fcrecin 14 y\u0131la varan SGK destekleriyle g\u00fc\u00e7lendirilmesi, b\u00f6lgesel kalk\u0131nma u\u00e7urumunu kapatacak stratejik bir hamle olarak \u00f6ne \u00e7\u0131kmaktad\u0131r.<br><br>9903 SAYILI KARAR \u00c7ER\u00c7EVES\u0130NDE DE\u011eERLEND\u0130RME VE \u00d6NER\u0130<br><br>Yeni yay\u0131mlanan 9903 say\u0131l\u0131 Karar, sanayinin 1. B\u00f6lge\u2019den Anadolu\u2019nun geli\u015fmekte olan b\u00f6lgelerine ta\u015f\u0131nmas\u0131na y\u00f6nelik hukuki altyap\u0131y\u0131 &#8220;Nakil Yat\u0131r\u0131mlar\u0131&#8221; ba\u015fl\u0131\u011f\u0131 alt\u0131nda kurgulam\u0131\u015f ve belli \u015fartlar dahilinde bu ta\u015f\u0131nmalar\u0131 b\u00f6lgesel te\u015fvik sistemiyle entegre etmi\u015ftir. Mevcut d\u00fczenleme, halihaz\u0131rda \u00fcretim yapan tesislerin istihdam g\u00fcc\u00fcn\u00fc Anadolu\u2019ya transfer etmesini esas alarak b\u00f6lgesel destek unsurlar\u0131n\u0131 devreye sokmaktad\u0131r.<br><br>Ancak Say\u0131n Cumhurba\u015fkan\u0131n\u0131n \u00e7izdi\u011fi geni\u015f vizyon, &#8220;Mega End\u00fcstriyel B\u00f6lgeler&#8221; hedefi ve demiryolu entegrasyonu perspektifi dikkate al\u0131nd\u0131\u011f\u0131nda;\u00a09903 say\u0131l\u0131 Karar\u2019daki &#8220;Nakil&#8221; d\u00fczenlemelerinin bu b\u00fcy\u00fck sanayi d\u00f6n\u00fc\u015f\u00fcm\u00fcn\u00fc tek ba\u015f\u0131na s\u0131rtlamas\u0131 zor g\u00f6r\u00fcnebilir.<br><br>Bize g\u00f6re; s\u00f6z konusu Karar\u2019da yer alan destek mekanizmas\u0131, sahadaki y\u00fcksek ta\u015f\u0131nma maliyetleri ve operasyonel riskler g\u00f6z \u00f6n\u00fcne al\u0131narak Say\u0131n Cumhurba\u015fkan\u0131n\u0131n <a href=\"https:\/\/www.linkedin.com\/company\/t-c-cumhurba%C5%9Fkanl%C4%B1%C4%9F%C4%B1\/\">T.C. Cumhurba\u015fkanl\u0131\u011f\u0131<\/a> &#8220;Topyek\u00fbn Kalk\u0131nma Seferberli\u011fi&#8221; vizyonu kapsam\u0131nda tekrar g\u00f6zden ge\u00e7irilmelidir.<br><br>Hedeflenen b\u00fcy\u00fck sanayi g\u00f6\u00e7\u00fcn\u00fcn h\u0131zlanmas\u0131 ad\u0131na, mevcut b\u00f6lgesel desteklere ek olarak; ta\u015f\u0131nma maliyetlerini s\u00fcbvanse edecek \u00f6zel mekanizmalar, finansman eri\u015fimini kolayla\u015ft\u0131racak ilave enstr\u00fcmanlar veya lojistik avantajlar gibi\u00a0sadece b\u00f6lgesel destekler alan\u0131nda s\u0131k\u0131\u015f\u0131 kalmay\u0131p di\u011fer destek unsurlar\u0131n\u0131n (Katma De\u011fer Vergisi (KDV) istisnas\u0131, Vergi indirimi, Faiz veya k\u00e2r pay\u0131 deste\u011fi, Makine deste\u011fi, Yat\u0131r\u0131m yeri tahsisi) sisteme nas\u0131l ilave edilebilece\u011fi tezi \u00fczerinde de\u011ferlendirmeler yapmak, s\u00fcrecin ba\u015far\u0131s\u0131 ve bu vizyonunun hayata ge\u00e7irilmesi a\u00e7\u0131s\u0131ndan elzemdir.<\/p>\n\n\n\n<p><a href=\"https:\/\/www.linkedin.com\/posts\/samet-hac%C4%B1saliho%C4%9Flu-7b52a81b9_ytb-activity-7401538237284093952-s6FN?utm_source=share&amp;utm_medium=member_desktop&amp;rcm=ACoAADLETHkBo7W5WV4LoRmhYdIARpF79rFeJP0\">https:\/\/www.linkedin.com\/posts\/samet-hac%C4%B1saliho%C4%9Flu-7b52a81b9_ytb-activity-7401538237284093952-s6FN?utm_source=share&amp;utm_medium=member_desktop&amp;rcm=ACoAADLETHkBo7W5WV4LoRmhYdIARpF79rFeJP0<\/a><\/p>\n\n\n\n<p>Sayg\u0131lar\u0131m\u0131zla.<\/p>\n","protected":false},"excerpt":{"rendered":"<p>Cumhurba\u015fkan\u0131 Say\u0131n Recep Tayyip Erdo\u011fan\u2019\u0131n Kabine Toplant\u0131s\u0131 sonras\u0131 i\u015faret etti\u011fi &#8220;Topyek\u00fbn Kalk\u0131nma Seferberli\u011fi&#8221; vizyonu; Anadolu\u2019da olu\u015fturulacak 4 yeni sanayi koridoru, liman ba\u011flant\u0131l\u0131 demiryolu a\u011flar\u0131 ve planl\u0131 sanayi alanlar\u0131n\u0131n geni\u015fletilmesi hedefleriyle sanayimizin desantralizasyonunda yeni bir d\u00f6nemi ba\u015flatmaktad\u0131r. \u00d6zellikle emek yo\u011fun sekt\u00f6rlerin bat\u0131daki s\u0131k\u0131\u015fm\u0131\u015fl\u0131ktan kurtar\u0131larak Anadolu\u2019ya ta\u015f\u0131nmas\u0131 ve bu s\u00fcrecin 14 y\u0131la varan SGK destekleriyle g\u00fc\u00e7lendirilmesi, b\u00f6lgesel [&hellip;]<\/p>\n","protected":false},"author":2,"featured_media":0,"comment_status":"closed","ping_status":"open","sticky":false,"template":"","format":"standard","meta":{"footnotes":""},"categories":[19],"tags":[],"class_list":["post-1596","post","type-post","status-publish","format-standard","hentry","category-mevzuat"],"_links":{"self":[{"href":"https:\/\/zetunas.com\/index.php\/wp-json\/wp\/v2\/posts\/1596","targetHints":{"allow":["GET"]}}],"collection":[{"href":"https:\/\/zetunas.com\/index.php\/wp-json\/wp\/v2\/posts"}],"about":[{"href":"https:\/\/zetunas.com\/index.php\/wp-json\/wp\/v2\/types\/post"}],"author":[{"embeddable":true,"href":"https:\/\/zetunas.com\/index.php\/wp-json\/wp\/v2\/users\/2"}],"replies":[{"embeddable":true,"href":"https:\/\/zetunas.com\/index.php\/wp-json\/wp\/v2\/comments?post=1596"}],"version-history":[{"count":2,"href":"https:\/\/zetunas.com\/index.php\/wp-json\/wp\/v2\/posts\/1596\/revisions"}],"predecessor-version":[{"id":1674,"href":"https:\/\/zetunas.com\/index.php\/wp-json\/wp\/v2\/posts\/1596\/revisions\/1674"}],"wp:attachment":[{"href":"https:\/\/zetunas.com\/index.php\/wp-json\/wp\/v2\/media?parent=1596"}],"wp:term":[{"taxonomy":"category","embeddable":true,"href":"https:\/\/zetunas.com\/index.php\/wp-json\/wp\/v2\/categories?post=1596"},{"taxonomy":"post_tag","embeddable":true,"href":"https:\/\/zetunas.com\/index.php\/wp-json\/wp\/v2\/tags?post=1596"}],"curies":[{"name":"wp","href":"https:\/\/api.w.org\/{rel}","templated":true}]}}