{"id":1549,"date":"2026-01-16T15:57:11","date_gmt":"2026-01-16T15:57:11","guid":{"rendered":"https:\/\/zetunas.com\/?p=1549"},"modified":"2026-01-16T15:57:11","modified_gmt":"2026-01-16T15:57:11","slug":"demir-celik-urunu-teslimi-ve-yapim-isi-hizmeti-farklilasmasi-kdv-tevkifatinda-kritik-ayrim","status":"publish","type":"post","link":"https:\/\/zetunas.com\/index.php\/2026\/01\/16\/demir-celik-urunu-teslimi-ve-yapim-isi-hizmeti-farklilasmasi-kdv-tevkifatinda-kritik-ayrim\/","title":{"rendered":"Demir-\u00c7elik \u00dcr\u00fcn\u00fc Teslimi ve Yap\u0131m \u0130\u015fi Hizmeti Farkl\u0131la\u015fmas\u0131 KDV Tevkifat\u0131nda Kritik Ayr\u0131m"},"content":{"rendered":"\n<figure class=\"wp-block-image size-large\"><img fetchpriority=\"high\" decoding=\"async\" width=\"1024\" height=\"896\" src=\"https:\/\/zetunas.com\/wp-content\/uploads\/2026\/01\/b51-1024x896.jpg\" alt=\"\" class=\"wp-image-1550\"\/><\/figure>\n\n\n\n<p>Katma De\u011fer Vergisi uygulamalar\u0131 i\u00e7erisinde, \u00f6zellikle demir-\u00e7elik ve in\u015faat sekt\u00f6rlerini yak\u0131ndan ilgilendiren tevkifat mekanizmas\u0131, i\u015flemlerin niteli\u011fine g\u00f6re \u00f6nemli farkl\u0131l\u0131klar arz etmektedir. Bu noktada, &#8220;mal teslimi&#8221; ile &#8220;hizmet ifas\u0131&#8221; aras\u0131ndaki ayr\u0131m\u0131n do\u011fru tespiti, vergiye tabi i\u015flemin mahiyetini ve dolay\u0131s\u0131yla uygulanacak tevkifat rejimini do\u011frudan belirlemektedir.<br><br>\u0130\u015flemlerin Vergisel Niteli\u011findeki D\u00f6n\u00fc\u015f\u00fcm:<br><br>Hammadde Tedariki A\u015famas\u0131 (Mal Teslimi):<br><br>\u0130malat\u00e7\u0131 bir i\u015fletme, \u00e7elik konstr\u00fcksiyon veya \u00e7elik \u00e7at\u0131 gibi imalatlar\u0131nda kullanmak \u00fczere demir profil, sac levha gibi \u00fcr\u00fcnleri tedarik etti\u011finde, bu i\u015flem KDV Genel Uygulama Tebli\u011fi&#8217;nin (I\/C-<a href=\"http:\/\/2.1.3.3\/\">2.1.3.3<\/a>.8.) b\u00f6l\u00fcm\u00fc uyar\u0131nca\u00a0&#8220;Demir-\u00c7elik \u00dcr\u00fcnlerinin Teslimi&#8221;\u00a0kapsam\u0131nda de\u011ferlendirilir. Bu a\u015famada, sat\u0131c\u0131 taraf\u0131ndan d\u00fczenlenen faturada ilgili tevkifat oran\u0131n\u0131n (\u00f6rne\u011fin 5\/10) uygulanmas\u0131 gerekmektedir. Bu, standart bir mal al\u0131m s\u00fcrecidir.<br><br>\u0130malat ve Montaj Sonras\u0131 A\u015famas\u0131 (Hizmet \u0130fas\u0131 &#8211; Yap\u0131m \u0130\u015fi):<br><br>Ayn\u0131 i\u015fletme, tedarik etti\u011fi bu hammaddeleri i\u015fleyerek \u00e7elik \u00e7at\u0131, demir kap\u0131 veya merdiven korkulu\u011fu gibi \u00fcr\u00fcnleri imal edip m\u00fc\u015fterisinin projesinde montaj\u0131n\u0131 ger\u00e7ekle\u015ftirdi\u011finde, i\u015flemin vergisel niteli\u011fi temelden de\u011fi\u015fmektedir.<br><br>Bu noktada i\u015fletme, art\u0131k bir &#8220;mal teslimi&#8221; de\u011fil, KDV Genel Uygulama Tebli\u011fi&#8217;nin (I\/C-<a href=\"http:\/\/2.1.3.2\/\">2.1.3.2<\/a>.1.) b\u00f6l\u00fcm\u00fcnde tan\u0131mlanan bir\u00a0&#8220;Yap\u0131m \u0130\u015fi&#8221;\u00a0(hizmet ifas\u0131) ger\u00e7ekle\u015ftirmektedir.<br><br>Uygulamadaki Temel Hata ve Sonu\u00e7lar\u0131:<br><br>S\u0131kl\u0131kla kar\u015f\u0131la\u015f\u0131lan hata, hammadde al\u0131m\u0131nda uygulanan tevkifat rejiminin, imalat ve montaj sonras\u0131 ger\u00e7ekle\u015ftirilen hizmet sat\u0131\u015f\u0131nda da referans al\u0131nmas\u0131d\u0131r. Oysa bu iki i\u015flem, KDV tevkifat\u0131 a\u00e7\u0131s\u0131ndan tamamen farkl\u0131 d\u00fczenlemelere tabidir:<br><br>Yanl\u0131\u015f Tevkifat Kategorisi:\u00a0&#8220;Yap\u0131m \u0130\u015fi&#8221; tevkifat\u0131 yerine &#8220;Demir-\u00c7elik \u00dcr\u00fcn\u00fc Teslimi&#8221; tevkifat\u0131n\u0131n uygulanmas\u0131, i\u015flemin yanl\u0131\u015f s\u0131n\u0131fland\u0131r\u0131lmas\u0131na yol a\u00e7ar.<br><br>Hatal\u0131 Tevkifat Oran\u0131:\u00a0Farkl\u0131 tevkifat kategorileri farkl\u0131 oranlar i\u00e7erebildi\u011finden, yanl\u0131\u015f beyan riski do\u011far.<br><br>Vergi Ziya\u0131 Riski:\u00a0Bir vergi incelemesinde, i\u015flemin niteli\u011finin yanl\u0131\u015f tespit edildi\u011fi ve eksik KDV beyan edildi\u011fi gerek\u00e7esiyle vergi ziya\u0131 cezas\u0131 ve gecikme faizi tarhiyat\u0131 ile kar\u015f\u0131la\u015f\u0131labilir.<br><br>Sonu\u00e7:<br><br>\u0130\u015fletmelerin, faturaland\u0131rma s\u00fcre\u00e7lerinde, sunduklar\u0131 edimin nihai niteli\u011fini do\u011fru analiz etmeleri esast\u0131r. Hammadde olarak tedarik edilen bir demir-\u00e7elik \u00fcr\u00fcn\u00fcn\u00fcn, bir imalat ve montaj s\u00fcrecinden ge\u00e7erek bir yap\u0131ya entegre edilmesi, i\u015flemi &#8220;mal teslimi&#8221; olmaktan \u00e7\u0131kar\u0131p &#8220;yap\u0131m i\u015fi&#8221; kapsam\u0131na sokmaktad\u0131r. Bu d\u00f6n\u00fc\u015f\u00fcm, uygulanacak KDV tevkifat\u0131 rejiminin de de\u011fi\u015fmesini zorunlu k\u0131lmaktad\u0131r.<br><br>Bu kritik ayr\u0131m\u0131n g\u00f6z ard\u0131 edilmesi, i\u015fletmeleri ciddi finansal ve hukuki risklerle kar\u015f\u0131 kar\u015f\u0131ya b\u0131rakabilir.<\/p>\n\n\n\n<p><a href=\"https:\/\/www.linkedin.com\/posts\/samet-hac%C4%B1saliho%C4%9Flu-7b52a81b9_kdvtevkifataft-kdv-vergi-activity-7394618785065893888-WUCC?utm_source=share&amp;utm_medium=member_desktop&amp;rcm=ACoAADLETHkBo7W5WV4LoRmhYdIARpF79rFeJP0\">https:\/\/www.linkedin.com\/posts\/samet-hac%C4%B1saliho%C4%9Flu-7b52a81b9_kdvtevkifataft-kdv-vergi-activity-7394618785065893888-WUCC?utm_source=share&amp;utm_medium=member_desktop&amp;rcm=ACoAADLETHkBo7W5WV4LoRmhYdIARpF79rFeJP0<\/a><\/p>\n\n\n\n<p>Sayg\u0131lar\u0131m\u0131zla.<\/p>\n","protected":false},"excerpt":{"rendered":"<p>Katma De\u011fer Vergisi uygulamalar\u0131 i\u00e7erisinde, \u00f6zellikle demir-\u00e7elik ve in\u015faat sekt\u00f6rlerini yak\u0131ndan ilgilendiren tevkifat mekanizmas\u0131, i\u015flemlerin niteli\u011fine g\u00f6re \u00f6nemli farkl\u0131l\u0131klar arz etmektedir. Bu noktada, &#8220;mal teslimi&#8221; ile &#8220;hizmet ifas\u0131&#8221; aras\u0131ndaki ayr\u0131m\u0131n do\u011fru tespiti, vergiye tabi i\u015flemin mahiyetini ve dolay\u0131s\u0131yla uygulanacak tevkifat rejimini do\u011frudan belirlemektedir. \u0130\u015flemlerin Vergisel Niteli\u011findeki D\u00f6n\u00fc\u015f\u00fcm: Hammadde Tedariki A\u015famas\u0131 (Mal Teslimi): \u0130malat\u00e7\u0131 bir i\u015fletme, [&hellip;]<\/p>\n","protected":false},"author":2,"featured_media":0,"comment_status":"closed","ping_status":"open","sticky":false,"template":"","format":"standard","meta":{"footnotes":""},"categories":[19],"tags":[],"class_list":["post-1549","post","type-post","status-publish","format-standard","hentry","category-mevzuat"],"_links":{"self":[{"href":"https:\/\/zetunas.com\/index.php\/wp-json\/wp\/v2\/posts\/1549","targetHints":{"allow":["GET"]}}],"collection":[{"href":"https:\/\/zetunas.com\/index.php\/wp-json\/wp\/v2\/posts"}],"about":[{"href":"https:\/\/zetunas.com\/index.php\/wp-json\/wp\/v2\/types\/post"}],"author":[{"embeddable":true,"href":"https:\/\/zetunas.com\/index.php\/wp-json\/wp\/v2\/users\/2"}],"replies":[{"embeddable":true,"href":"https:\/\/zetunas.com\/index.php\/wp-json\/wp\/v2\/comments?post=1549"}],"version-history":[{"count":1,"href":"https:\/\/zetunas.com\/index.php\/wp-json\/wp\/v2\/posts\/1549\/revisions"}],"predecessor-version":[{"id":1551,"href":"https:\/\/zetunas.com\/index.php\/wp-json\/wp\/v2\/posts\/1549\/revisions\/1551"}],"wp:attachment":[{"href":"https:\/\/zetunas.com\/index.php\/wp-json\/wp\/v2\/media?parent=1549"}],"wp:term":[{"taxonomy":"category","embeddable":true,"href":"https:\/\/zetunas.com\/index.php\/wp-json\/wp\/v2\/categories?post=1549"},{"taxonomy":"post_tag","embeddable":true,"href":"https:\/\/zetunas.com\/index.php\/wp-json\/wp\/v2\/tags?post=1549"}],"curies":[{"name":"wp","href":"https:\/\/api.w.org\/{rel}","templated":true}]}}