{"id":1439,"date":"2026-01-16T15:56:39","date_gmt":"2026-01-16T15:56:39","guid":{"rendered":"https:\/\/zetunas.com\/?p=1439"},"modified":"2026-01-16T15:56:39","modified_gmt":"2026-01-16T15:56:39","slug":"burs-vermenin-vergisel-bedeli-ozel-okullar-icin-sosyal-sorumluluk-ne-zaman-pazarlama-gideri-olur","status":"publish","type":"post","link":"https:\/\/zetunas.com\/index.php\/2026\/01\/16\/burs-vermenin-vergisel-bedeli-ozel-okullar-icin-sosyal-sorumluluk-ne-zaman-pazarlama-gideri-olur\/","title":{"rendered":"Burs Vermenin Vergisel Bedeli: \u00d6zel Okullar \u0130\u00e7in &#8220;Sosyal Sorumluluk&#8221; Ne Zaman &#8220;Pazarlama Gideri&#8221; Olur?"},"content":{"rendered":"\n<figure class=\"wp-block-image size-large\"><img fetchpriority=\"high\" decoding=\"async\" width=\"1024\" height=\"896\" src=\"https:\/\/zetunas.com\/wp-content\/uploads\/2026\/01\/b11-1024x896.jpg\" alt=\"\" class=\"wp-image-1440\"\/><\/figure>\n\n\n\n<p>\u00d6zel okullar i\u00e7in burslu \u00f6\u011frenci okutmak, hem bir yasal zorunluluk hem de prestijli bir sosyal sorumluluktur. Peki, yasal zorunluluklar\u0131n\u00a0\u00fczerine \u00e7\u0131kt\u0131\u011f\u0131n\u0131zda, bu &#8220;c\u00f6mertli\u011finizin&#8221; vergisel sonu\u00e7lar\u0131n\u0131n ne olaca\u011f\u0131n\u0131 hi\u00e7 d\u00fc\u015f\u00fcnd\u00fcn\u00fcz m\u00fc?<br>Kocaeli Defterdarl\u0131\u011f\u0131&#8217;n\u0131n verdi\u011fi kapsaml\u0131 bir \u00f6zelge, bu sorunun cevab\u0131n\u0131 vererek \u00f6zel okullar i\u00e7in adeta bir vergi yol haritas\u0131 \u00e7iziyor.<br><br>Vergi \u0130daresi&#8217;nin 3 Ayr\u0131 Kural\u0131:<br><br>Kural 1: Yasal S\u0131n\u0131r \u0130\u00e7indeki Burs (%3 &#8211; %10 Aras\u0131) Kutsald\u0131r!<br><br>\ud83d\udd39\u00a0Uygulama:\u00a0MEB mevzuat\u0131 gere\u011fi okutmak zorunda oldu\u011funuz \u00fccretsiz \u00f6\u011frenciler i\u00e7in ne Kurumlar Vergisi a\u00e7\u0131s\u0131ndan\u00a0has\u0131lat kayd\u0131\u00a0yapman\u0131za ne de KDV Kanunu (17\/2-b) gere\u011fi\u00a0KDV hesaplaman\u0131za\u00a0gerek yok.<br><br>\ud83d\udd39\u00a0Anlam\u0131:\u00a0Devlet, yasal g\u00f6revinizi &#8220;gelir&#8221; saym\u0131yor ve KDV&#8217;den de istisna tutuyor. Buras\u0131 g\u00fcvenli liman.<br><br>Kural 2: Yasal S\u0131n\u0131r\u0131n \u00dcst\u00fcndeki &#8220;\u0130yilik&#8221; Faturas\u0131z Olmaz! (%10&#8217;u A\u015fanlar)<br><br>\ud83d\udd39\u00a0Uygulama:\u00a0E\u011fer yasal kontenjan\u0131n (%10) \u00fczerinde \u00fccretsiz \u00f6\u011frenci okutuyorsan\u0131z, Gelir \u0130daresi diyor ki: &#8220;Bu art\u0131k tamamen senin ticari karar\u0131n.&#8221;<br><br>\ud83d\udd39\u00a0Sonu\u00e7:\u00a0Bu \u00f6\u011frenciler i\u00e7in\u00a0emsal bedel \u00fczerinden fatura d\u00fczenlemek, has\u0131lat kaydetmek ve KDV hesaplamak zorundas\u0131n\u0131z!\u00a0Tahsil etmedi\u011finiz bir gelirin vergisini \u00f6demek durumunda kal\u0131rs\u0131n\u0131z.<br><br>Kural 3: &#8220;Emsal Bedelli Faturan\u0131n&#8221; Gider Olarak Geri D\u00f6n\u00fc\u015f\u00fc (Ak\u0131ll\u0131 Hamle)<br><br>\ud83d\udd39\u00a0Beklenmedik F\u0131rsat:\u00a0\u0130\u015fte \u00f6zelgenin en kritik noktas\u0131! \u0130dare, yasal s\u0131n\u0131r\u0131n \u00fczerinde verilen bu burslar\u0131n asl\u0131nda bir\u00a0pazarlama ve reklam faaliyeti\u00a0oldu\u011funu kabul ediyor. Ba\u015far\u0131l\u0131 \u00f6\u011frencileri burslu okutmak, okulun tan\u0131t\u0131m\u0131na ve talebin artmas\u0131na katk\u0131 sa\u011flar.<br><br>\ud83d\udd39\u00a0Uygulama:\u00a0Yasal s\u0131n\u0131r \u00fcst\u00fc burslar i\u00e7in kesti\u011finiz (ve has\u0131lat yazd\u0131\u011f\u0131n\u0131z) emsal bedelli faturan\u0131n tutar\u0131n\u0131, belirli \u015fartlarla (\u00f6\u011frencinin ili\u015fkili ki\u015fi olmamas\u0131 vb.)\u00a0&#8220;Pazarlama ve Reklam Gideri&#8221;\u00a0olarak kurum kazanc\u0131n\u0131zdan d\u00fc\u015febilirsiniz.<br><br>\ud83d\udd39\u00a0K\u0131rtasiye ve Har\u00e7l\u0131k:\u00a0Ayr\u0131ca, burslu veya \u00fccretsiz okutulan \u00f6\u011frencilerin k\u0131rtasiye masraflar\u0131n\u0131n kar\u015f\u0131lanmas\u0131 ve\/veya Milli E\u011fitim Bakanl\u0131\u011f\u0131n\u0131n resmi okul \u00f6\u011frencileri i\u00e7in tespit etti\u011fi en az burs tutar\u0131 kadar har\u00e7l\u0131k ve benzeri \u015fekilde burs verilmesi halinde, bu kapsamda yap\u0131lan harcama tutarlar\u0131n\u0131n gider olarak dikkate al\u0131nmas\u0131 m\u00fcmk\u00fcnd\u00fcr.<br><br>\ud83d\udd39\u00a0Anlam\u0131:\u00a0Has\u0131lat yazd\u0131\u011f\u0131n\u0131z tutar\u0131, gider yazarak n\u00f6trleyebilirsiniz. KDV y\u00fck\u00fcml\u00fcl\u00fc\u011f\u00fc baki kal\u0131r.<br><br>Sonu\u00e7:<br>Burs politikalar\u0131n\u0131z\u0131 olu\u015ftururken art\u0131k sadece MEB y\u00f6netmeli\u011fini de\u011fil, bu \u00fc\u00e7 ad\u0131ml\u0131 vergi form\u00fcl\u00fcn\u00fc de dikkate almal\u0131s\u0131n\u0131z. \u00d6zellikle %10&#8217;luk yasal s\u0131n\u0131r\u0131 a\u015ft\u0131\u011f\u0131n\u0131zda, do\u011fru muhasebe kay\u0131tlar\u0131 ve belgelendirme ile vergisel y\u00fck\u00fcn\u00fcz\u00fc y\u00f6netebilirsiniz. Aksi takdirde, iyi niyetle \u00e7\u0131kt\u0131\u011f\u0131n\u0131z bir yolda, beklenmedik bir vergi tarhiyat\u0131yla kar\u015f\u0131la\u015fman\u0131z i\u015ften bile de\u011fil.<br><br>Sosyal sorumluluk ve ticari zeka, vergisel planlamada birle\u015fti\u011finde anlam kazan\u0131r.<\/p>\n\n\n\n<p><a href=\"https:\/\/www.linkedin.com\/posts\/samet-hac%C4%B1saliho%C4%9Flu-7b52a81b9_aemzelokul-eafbitimsektaemraes-vergi-activity-7363815812777885696-tCZj?utm_source=share&amp;utm_medium=member_desktop&amp;rcm=ACoAADLETHkBo7W5WV4LoRmhYdIARpF79rFeJP0\">https:\/\/www.linkedin.com\/posts\/samet-hac%C4%B1saliho%C4%9Flu-7b52a81b9_aemzelokul-eafbitimsektaemraes-vergi-activity-7363815812777885696-tCZj?utm_source=share&amp;utm_medium=member_desktop&amp;rcm=ACoAADLETHkBo7W5WV4LoRmhYdIARpF79rFeJP0<\/a><\/p>\n\n\n\n<p>Sayg\u0131lar\u0131m\u0131zla.<\/p>\n","protected":false},"excerpt":{"rendered":"<p>\u00d6zel okullar i\u00e7in burslu \u00f6\u011frenci okutmak, hem bir yasal zorunluluk hem de prestijli bir sosyal sorumluluktur. Peki, yasal zorunluluklar\u0131n\u00a0\u00fczerine \u00e7\u0131kt\u0131\u011f\u0131n\u0131zda, bu &#8220;c\u00f6mertli\u011finizin&#8221; vergisel sonu\u00e7lar\u0131n\u0131n ne olaca\u011f\u0131n\u0131 hi\u00e7 d\u00fc\u015f\u00fcnd\u00fcn\u00fcz m\u00fc?Kocaeli Defterdarl\u0131\u011f\u0131&#8217;n\u0131n verdi\u011fi kapsaml\u0131 bir \u00f6zelge, bu sorunun cevab\u0131n\u0131 vererek \u00f6zel okullar i\u00e7in adeta bir vergi yol haritas\u0131 \u00e7iziyor. Vergi \u0130daresi&#8217;nin 3 Ayr\u0131 Kural\u0131: Kural 1: Yasal [&hellip;]<\/p>\n","protected":false},"author":2,"featured_media":0,"comment_status":"closed","ping_status":"open","sticky":false,"template":"","format":"standard","meta":{"footnotes":""},"categories":[19],"tags":[],"class_list":["post-1439","post","type-post","status-publish","format-standard","hentry","category-mevzuat"],"_links":{"self":[{"href":"https:\/\/zetunas.com\/index.php\/wp-json\/wp\/v2\/posts\/1439","targetHints":{"allow":["GET"]}}],"collection":[{"href":"https:\/\/zetunas.com\/index.php\/wp-json\/wp\/v2\/posts"}],"about":[{"href":"https:\/\/zetunas.com\/index.php\/wp-json\/wp\/v2\/types\/post"}],"author":[{"embeddable":true,"href":"https:\/\/zetunas.com\/index.php\/wp-json\/wp\/v2\/users\/2"}],"replies":[{"embeddable":true,"href":"https:\/\/zetunas.com\/index.php\/wp-json\/wp\/v2\/comments?post=1439"}],"version-history":[{"count":1,"href":"https:\/\/zetunas.com\/index.php\/wp-json\/wp\/v2\/posts\/1439\/revisions"}],"predecessor-version":[{"id":1441,"href":"https:\/\/zetunas.com\/index.php\/wp-json\/wp\/v2\/posts\/1439\/revisions\/1441"}],"wp:attachment":[{"href":"https:\/\/zetunas.com\/index.php\/wp-json\/wp\/v2\/media?parent=1439"}],"wp:term":[{"taxonomy":"category","embeddable":true,"href":"https:\/\/zetunas.com\/index.php\/wp-json\/wp\/v2\/categories?post=1439"},{"taxonomy":"post_tag","embeddable":true,"href":"https:\/\/zetunas.com\/index.php\/wp-json\/wp\/v2\/tags?post=1439"}],"curies":[{"name":"wp","href":"https:\/\/api.w.org\/{rel}","templated":true}]}}