{"id":1174,"date":"2025-06-10T15:45:03","date_gmt":"2025-06-10T15:45:03","guid":{"rendered":"https:\/\/zetunas.com\/?p=1174"},"modified":"2025-06-10T16:24:24","modified_gmt":"2025-06-10T16:24:24","slug":"turkiyenin-yatirim-ufkunda-devrim-gibi-karar-9903-sayili-karar-ile-gelecege-yatirim-stratejisi","status":"publish","type":"post","link":"https:\/\/zetunas.com\/index.php\/2025\/06\/10\/turkiyenin-yatirim-ufkunda-devrim-gibi-karar-9903-sayili-karar-ile-gelecege-yatirim-stratejisi\/","title":{"rendered":"T\u00fcrkiye&#8217;nin Yat\u0131r\u0131m Ufkunda Devrim Gibi Karar: 9903 Say\u0131l\u0131 Karar ile Gelece\u011fe Yat\u0131r\u0131m Stratejisi"},"content":{"rendered":"\n<figure class=\"wp-block-image size-large\"><img fetchpriority=\"high\" decoding=\"async\" width=\"1024\" height=\"832\" src=\"https:\/\/zetunas.com\/wp-content\/uploads\/2025\/06\/1-1-1024x832.jpg\" alt=\"\" class=\"wp-image-1179\"\/><\/figure>\n\n\n\n<p><strong>Giri\u015f: Yeni Bir Vizyon, G\u00fc\u00e7l\u00fc Bir Hamle<\/strong><\/p>\n\n\n\n<p>30 May\u0131s 2025 tarihli ve 32915 say\u0131l\u0131 Resm\u00ee Gazete \u2018de yay\u0131mlanan 9903 say\u0131l\u0131 Cumhurba\u015fkan\u0131 Karar\u0131, T\u00fcrkiye&#8217;nin yat\u0131r\u0131m te\u015fvik sisteminde k\u00f6kl\u00fc bir de\u011fi\u015fimin habercisi. &#8220;Yat\u0131r\u0131mlarda Devlet Yard\u0131mlar\u0131 Hakk\u0131nda Karar&#8221; ba\u015fl\u0131\u011f\u0131 alt\u0131nda sunulan bu yeni d\u00fczenleme, 2012\/3305 ve 2018\/11201 say\u0131l\u0131 \u00f6nceki kararlar\u0131 y\u00fcr\u00fcrl\u00fckten kald\u0131rarak, \u00fclkenin kalk\u0131nma hedefleri do\u011frultusunda daha odakl\u0131, dinamik ve gelece\u011fe y\u00f6nelik bir yat\u0131r\u0131m ekosistemi olu\u015fturmay\u0131 ama\u00e7l\u0131yor. Temel hedef; katma de\u011feri y\u00fcksek \u00fcretimi ve istihdam\u0131 art\u0131rmak, kritik ihtiya\u00e7lar\u0131 kar\u015f\u0131lamak, d\u0131\u015fa ba\u011f\u0131ml\u0131l\u0131\u011f\u0131 azaltmak, uluslararas\u0131 rekabet g\u00fcc\u00fcn\u00fc y\u00fckseltmek ve i\u015fletmelerin ye\u015fil ile dijital d\u00f6n\u00fc\u015f\u00fcm\u00fcn\u00fc h\u0131zland\u0131rmak.<\/p>\n\n\n\n<p><strong>Karar\u0131n Kalbinde: &#8220;T\u00fcrkiye Y\u00fczy\u0131l\u0131 Kalk\u0131nma Hamlesi&#8221;<\/strong><\/p>\n\n\n\n<p>Yeni karar\u0131n en dikkat \u00e7ekici yenili\u011fi, &#8220;T\u00fcrkiye Y\u00fczy\u0131l\u0131 Kalk\u0131nma Hamlesi&#8221; ad\u0131 alt\u0131nda \u00fc\u00e7 ana program\u0131 \u00e7at\u0131s\u0131 alt\u0131nda toplamas\u0131:<\/p>\n\n\n\n<ol start=\"1\" class=\"wp-block-list\">\n<li><strong>Teknoloji Hamlesi Program\u0131:<\/strong>&nbsp;\u00d6ncelikli \u00fcr\u00fcn listesindeki y\u00fcksek teknolojili \u00fcr\u00fcnlere ve teknolojilere y\u00f6nelik yat\u0131r\u0131mlar\u0131 hedefliyor. Ama\u00e7, T\u00fcrkiye&#8217;nin teknolojik ba\u011f\u0131ms\u0131zl\u0131\u011f\u0131n\u0131 g\u00fc\u00e7lendirmek ve k\u00fcresel de\u011fer zincirlerinde \u00fcst s\u0131ralara t\u0131rmanmak.<\/li>\n\n\n\n<li><strong>Yerel Kalk\u0131nma Hamlesi Program\u0131:<\/strong>&nbsp;B\u00f6lgeleraras\u0131 geli\u015fmi\u015flik farklar\u0131n\u0131 azaltmay\u0131 ve yerel potansiyelleri harekete ge\u00e7irmeyi ama\u00e7l\u0131yor. Her ilin \u00f6zelinde belirlenecek yat\u0131r\u0131m konular\u0131yla b\u00f6lgesel rekabet g\u00fcc\u00fc art\u0131r\u0131lacak.<\/li>\n\n\n\n<li><strong>Stratejik Hamle Program\u0131:<\/strong>&nbsp;\u00dclkenin kritik ihtiya\u00e7lar\u0131n\u0131 kar\u015f\u0131layacak, arz g\u00fcvenli\u011fini sa\u011flayacak, d\u0131\u015fa ba\u011f\u0131ml\u0131l\u0131\u011f\u0131 azaltacak, y\u00fcksek katma de\u011ferli ve ara\u015ft\u0131rma-geli\u015ftirme i\u00e7eri\u011fi y\u00fcksek imalat sekt\u00f6r\u00fc yat\u0131r\u0131mlar\u0131n\u0131 kaps\u0131yor. Dijital ve Ye\u015fil D\u00f6n\u00fc\u015f\u00fcm Programlar\u0131 da bu ba\u015fl\u0131k alt\u0131nda desteklenecek.<\/li>\n<\/ol>\n\n\n\n<p><strong>Temel Destek Unsurlar\u0131: Kapsaml\u0131 ve \u00c7e\u015fitlendirilmi\u015f Te\u015fvikler<\/strong><\/p>\n\n\n\n<p>Karar, yat\u0131r\u0131mc\u0131lara geni\u015f bir yelpazede destek mekanizmalar\u0131 sunuyor:<\/p>\n\n\n\n<ul class=\"wp-block-list\">\n<li><strong>G\u00fcmr\u00fck Vergisi Muafiyeti:<\/strong>&nbsp;Yat\u0131r\u0131m mal\u0131 makine ve te\u00e7hizat ithalat\u0131nda.<\/li>\n\n\n\n<li><strong>KDV \u0130stisnas\u0131:<\/strong>&nbsp;Makine-te\u00e7hizat al\u0131mlar\u0131, yaz\u0131l\u0131m ve gayri maddi hak sat\u0131\u015f\/kiralamalar\u0131nda.<\/li>\n\n\n\n<li><strong>Vergi \u0130ndirimi:<\/strong>&nbsp;Yat\u0131r\u0131ma katk\u0131 tutar\u0131na ula\u015f\u0131ncaya kadar indirimli kurumlar\/gelir vergisi.&nbsp;<\/li>\n\n\n\n<li><strong>Faiz veya K\u00e2r Pay\u0131 Deste\u011fi:<\/strong>&nbsp;TL cinsi kredilerde belirli bir \u00fcst limite kadar.<\/li>\n\n\n\n<li><strong>Makine Deste\u011fi:<\/strong>&nbsp;&#8220;T\u00fcrkiye Y\u00fczy\u0131l\u0131 Kalk\u0131nma Hamlesi&#8221; kapsam\u0131ndaki yat\u0131r\u0131mlarda, birim fiyat\u0131 2 Milyon TL \u00fczeri makine-te\u00e7hizat bedelinin %25&#8217;i. (Bu yeni ve \u00f6nemli bir destek kalemi)<\/li>\n\n\n\n<li><strong>Yat\u0131r\u0131m Yeri Tahsisi:<\/strong>&nbsp;Kamu arazilerinden.<\/li>\n\n\n\n<li><strong>Sigorta Primi \u0130\u015fveren Hissesi Deste\u011fi:<\/strong>&nbsp;B\u00f6lge ve yat\u0131r\u0131m t\u00fcr\u00fcne g\u00f6re de\u011fi\u015fen s\u00fcrelerde.<\/li>\n\n\n\n<li><strong>Sigorta Primi Deste\u011fi:<\/strong>&nbsp;Sadece 6. b\u00f6lge yat\u0131r\u0131mlar\u0131nda i\u015f\u00e7i hissesi i\u00e7in de destek.<\/li>\n<\/ul>\n\n\n\n<p><strong>B\u00f6lgesel ve Sekt\u00f6rel Odaklanma: Ak\u0131ll\u0131 Te\u015fvik Sistemi<\/strong><\/p>\n\n\n\n<p>Karar, T\u00fcrkiye&#8217;yi yine 6 sosyo-ekonomik geli\u015fmi\u015flik b\u00f6lgesine ay\u0131r\u0131yor (EK-2). Desteklerin t\u00fcr\u00fc ve yo\u011funlu\u011fu bu b\u00f6lgelere g\u00f6re farkl\u0131la\u015f\u0131yor. Ayr\u0131ca, &#8220;Sekt\u00f6rel Te\u015fvik Sistemi&#8221; alt\u0131nda &#8220;\u00d6ncelikli Yat\u0131r\u0131mlar&#8221; ve &#8220;Hedef Yat\u0131r\u0131mlar&#8221; gibi \u00f6zel kategorilerle belirli sekt\u00f6rlere daha yo\u011fun destek sa\u011flan\u0131yor.<\/p>\n\n\n\n<p><strong>\u00d6ne \u00c7\u0131kan \u015eartlar ve Yenilikler: Ne De\u011fi\u015fti, Neler Beklenmeli?<\/strong><\/p>\n\n\n\n<figure class=\"wp-block-table\"><table class=\"has-fixed-layout\"><tbody><tr><td><strong>\u00d6zellik<\/strong><\/td><td><strong>Eski Sistem (Genel Yakla\u015f\u0131m)<\/strong><\/td><td><strong>Yeni Karar (9903 Say\u0131l\u0131)<\/strong><\/td><td><strong>Vurgu \/ Etki<\/strong><\/td><\/tr><tr><td><strong>Ana Program Yap\u0131s\u0131<\/strong><\/td><td>Daha genel kategoriler (B\u00f6lgesel, B\u00fcy\u00fck \u00d6l\u00e7ekli, Stratejik vb.)<\/td><td>&#8220;T\u00fcrkiye Y\u00fczy\u0131l\u0131 Kalk\u0131nma Hamlesi&#8221; (Teknoloji, Yerel, Stratejik) ve &#8220;Sekt\u00f6rel Te\u015fvik Sistemi&#8221; (\u00d6ncelikli, Hedef)<\/td><td>Daha hedef odakl\u0131, proaktif ve stratejik bir yakla\u015f\u0131m. \u0130simlendirme bile vizyonu yans\u0131t\u0131yor.<\/td><\/tr><tr><td><strong>Makine Deste\u011fi<\/strong><\/td><td>Yok (Genel olarak faiz deste\u011fi veya vergi indirimiyle dolayl\u0131yd\u0131)<\/td><td>&#8220;T\u00fcrkiye Y\u00fczy\u0131l\u0131 Kalk\u0131nma Hamlesi&#8221; kapsam\u0131ndaki yat\u0131r\u0131mlarda %25&#8217;e varan do\u011frudan makine al\u0131m deste\u011fi.<\/td><td>\u00d6zellikle sermaye yo\u011fun ve teknoloji odakl\u0131 yat\u0131r\u0131mlar i\u00e7in \u00e7ok cazip bir finansman kolayl\u0131\u011f\u0131.<\/td><\/tr><tr><td><strong>Asgari Sabit Yat\u0131r\u0131m<\/strong><\/td><td>B\u00f6lgesel farkl\u0131l\u0131klar vard\u0131.<\/td><td>1. ve 2. b\u00f6lgelerde 12 Milyon TL, di\u011fer b\u00f6lgelerde 6 Milyon TL. Stratejik Hamle&#8217;de ise y\u00fcksek teknolojili i\u00e7in 100 Milyon TL, di\u011ferleri i\u00e7in 200 Milyon TL.<\/td><td>Belirli bir \u00f6l\u00e7e\u011fin \u00fczerindeki yat\u0131r\u0131mlar hedefleniyor, stratejik yat\u0131r\u0131mlar i\u00e7in \u00e7\u0131ta daha y\u00fcksek.<\/td><\/tr><tr><td><strong>Ye\u015fil ve Dijital D\u00f6n\u00fc\u015f\u00fcm<\/strong><\/td><td>Daha az vurgulan\u0131yordu.<\/td><td>Dijital D\u00f6n\u00fc\u015f\u00fcm ve Ye\u015fil D\u00f6n\u00fc\u015f\u00fcm Programlar\u0131 a\u00e7\u0131k\u00e7a tan\u0131mlanm\u0131\u015f ve Stratejik Hamle Program\u0131 alt\u0131nda destekleniyor.<\/td><td>S\u00fcrd\u00fcr\u00fclebilirlik ve teknolojik adaptasyon devlet politikas\u0131 olarak \u00f6nceliklendiriliyor.<\/td><\/tr><tr><td><strong>Ekosistem Geli\u015ftirme Plan\u0131<\/strong><\/td><td>Yoktu.<\/td><td>KOB\u0130 olmayan veya Yerel Kalk\u0131nma Hamlesi d\u0131\u015f\u0131ndaki b\u00fcy\u00fck yat\u0131r\u0131mc\u0131lar\u0131n, yat\u0131r\u0131m tutar\u0131n\u0131n %2&#8217;si kadar ekosistem geli\u015ftirme plan\u0131 ger\u00e7ekle\u015ftirmesi zorunlu.<\/td><td>Yat\u0131r\u0131mlar\u0131n sadece kendi operasyonlar\u0131yla s\u0131n\u0131rl\u0131 kalmay\u0131p, tedarik zinciri, Ar-Ge, e\u011fitim ve yerel kalk\u0131nmaya katk\u0131 sa\u011flamas\u0131 bekleniyor.<\/td><\/tr><tr><td><strong>Elektronik S\u00fcre\u00e7ler<\/strong><\/td><td>K\u0131smen vard\u0131.<\/td><td>E-TUYS (Elektronik Te\u015fvik Uygulama ve Yabanc\u0131 Sermaye Bilgi Sistemi) \u00fczerinden ba\u015fvurular ve i\u015flemler. E-fatura zorunlulu\u011fu.<\/td><td>B\u00fcrokrasinin azalt\u0131lmas\u0131, \u015feffafl\u0131k ve h\u0131z.<\/td><\/tr><tr><td><strong>Ge\u00e7i\u015f H\u00fck\u00fcmleri<\/strong><\/td><td>Her yeni kararda benzerdi.<\/td><td>Eski kararlara g\u00f6re ba\u015flam\u0131\u015f ba\u015fvurular eski h\u00fck\u00fcmlere tabi, yeni ba\u015fvurular bu karara g\u00f6re. Deprem b\u00f6lgesi ve Cazibe Merkezleri i\u00e7in \u00f6zel ge\u00e7i\u015f h\u00fck\u00fcmleri.<\/td><td>Yat\u0131r\u0131mc\u0131 haklar\u0131n\u0131n korunmas\u0131 ve \u00f6zel durumlar\u0131n g\u00f6zetilmesi.<\/td><\/tr><\/tbody><\/table><\/figure>\n\n\n\n<p><strong>Stratejik Sekt\u00f6rler ve Teknoloji S\u0131n\u0131fland\u0131rmas\u0131 (EK-1 ve EK-3 Referansl\u0131)<\/strong><\/p>\n\n\n\n<p>Karar\u0131n eklerinde (EK-1), teknoloji yo\u011funlu\u011funa g\u00f6re \u00fcr\u00fcn s\u0131n\u0131fland\u0131rmalar\u0131 (Y\u00fcksek Teknolojili: ila\u00e7, bilgisayar, hava-uzay; Orta-Y\u00fcksek Teknolojili: kimya, makine, motorlu ta\u015f\u0131tlar vb.) net bir \u015fekilde ortaya konuyor. EK-3 ise desteklenecek sekt\u00f6rleri ve \u00f6zel \u015fartlar\u0131n\u0131 detayland\u0131r\u0131yor. Bu, devletin hangi alanlarda at\u0131l\u0131m bekledi\u011finin a\u00e7\u0131k bir g\u00f6stergesi. \u00d6rne\u011fin, madencilik, tar\u0131m, imalat sanayinin \u00e7e\u015fitli alt kollar\u0131 ve hizmet sekt\u00f6rleri belirli ko\u015fullara ba\u011fl\u0131 olarak destekleniyor.<\/p>\n\n\n\n<p><strong>Kimler \u0130\u00e7in F\u0131rsat?<\/strong><\/p>\n\n\n\n<p>Bu karar;<\/p>\n\n\n\n<ul class=\"wp-block-list\">\n<li>Y\u00fcksek teknolojiye yat\u0131r\u0131m yapmay\u0131 planlayanlar,<\/li>\n\n\n\n<li>\u0130thal ikamesi \u00fcr\u00fcnler \u00fcretecek stratejik yat\u0131r\u0131mc\u0131lar,<\/li>\n\n\n\n<li>Ye\u015fil ve dijital teknolojilere adapte olmak isteyen i\u015fletmeler,<\/li>\n\n\n\n<li>Geli\u015fmekte olan b\u00f6lgelerde yat\u0131r\u0131m yapmay\u0131 d\u00fc\u015f\u00fcnenler,<\/li>\n\n\n\n<li>B\u00fcy\u00fck \u00f6l\u00e7ekli ve ekosistem yaratma potansiyeli olan projeler i\u00e7in \u00f6nemli f\u0131rsatlar sunuyor.<\/li>\n<\/ul>\n\n\n\n<p><strong>Vergi \u0130ndiriminde Stratejik Devrim: 9903 Say\u0131l\u0131 Karar Yat\u0131r\u0131mc\u0131ya Yeni Ufuklar A\u00e7\u0131yor!<\/strong><\/p>\n\n\n\n<p>Yat\u0131r\u0131mlarda Devlet Yard\u0131mlar\u0131 Hakk\u0131nda Karar&#8217;\u0131n (Say\u0131: 9903) bel kemi\u011fini olu\u015fturan destek unsurlar\u0131ndan biri olan&nbsp;<strong>Vergi \u0130ndirimi<\/strong>, MADDE 20 ile yat\u0131r\u0131mc\u0131lara sadece tasarruf de\u011fil, ayn\u0131 zamanda stratejik esneklik ve \u00f6ng\u00f6r\u00fclebilirlik sunarak adeta bir devrim yarat\u0131yor. Bu d\u00fczenleme, yat\u0131r\u0131mlar\u0131n karl\u0131l\u0131\u011f\u0131n\u0131 do\u011frudan etkileyen, finansman y\u00fck\u00fcn\u00fc hafifleten ve yat\u0131r\u0131m karar\u0131n\u0131 te\u015fvik eden kritik bir rol \u00fcstleniyor.<\/p>\n\n\n\n<p><strong>Vergi \u0130ndiriminin Temel Dinamikleri: Kademeli ve Hedef Odakl\u0131<\/strong><\/p>\n\n\n\n<p>Karar, farkl\u0131 yat\u0131r\u0131m programlar\u0131 ve hedefleri do\u011frultusunda kademeli bir vergi indirimi yap\u0131s\u0131 sunuyor. Temel prensip, yat\u0131r\u0131m harcamalar\u0131n\u0131n belirli bir y\u00fczdesinin (&#8220;yat\u0131r\u0131ma katk\u0131 tutar\u0131&#8221;) \u00f6denecek vergilerden d\u00fc\u015f\u00fclmesi esas\u0131na dayan\u0131yor.<\/p>\n\n\n\n<ul class=\"wp-block-list\">\n<li><strong>\u0130ndirim Oranlar\u0131:<\/strong>&nbsp;Kurumlar veya gelir vergisi, yat\u0131r\u0131ma katk\u0131 tutar\u0131na ula\u015f\u0131ncaya kadar&nbsp;<strong>%60 indirimli<\/strong>&nbsp;olarak uygulanacak.<\/li>\n\n\n\n<li><strong>Yat\u0131r\u0131ma Katk\u0131 Oranlar\u0131 (YKO) Programlara G\u00f6re Farkl\u0131la\u015f\u0131yor:<\/strong>\n<ul class=\"wp-block-list\">\n<li><strong>Teknoloji Hamlesi Program\u0131 ve Yerel Kalk\u0131nma Hamlesi Program\u0131:<\/strong>&nbsp;Yat\u0131r\u0131m harcamalar\u0131n\u0131n&nbsp;<strong>%50&#8217;si&nbsp;<\/strong>yat\u0131r\u0131ma katk\u0131 tutar\u0131 olarak belirleniyor. (En y\u00fcksek oran)<\/li>\n\n\n\n<li><strong>Stratejik Hamle Program\u0131:<\/strong>&nbsp;Yat\u0131r\u0131m harcamalar\u0131n\u0131n&nbsp;<strong>%40&#8217;\u0131<\/strong>&nbsp;yat\u0131r\u0131ma katk\u0131 tutar\u0131.<\/li>\n\n\n\n<li><strong>\u00d6ncelikli Yat\u0131r\u0131mlar Te\u015fvik Sistemi:<\/strong>&nbsp;Yat\u0131r\u0131m harcamalar\u0131n\u0131n&nbsp;<strong>%30&#8217;u<\/strong>&nbsp;yat\u0131r\u0131ma katk\u0131 tutar\u0131.<\/li>\n\n\n\n<li><strong>Hedef Yat\u0131r\u0131mlar Te\u015fvik Sistemi:<\/strong>&nbsp;Yat\u0131r\u0131m harcamalar\u0131n\u0131n&nbsp;<strong>%20&#8217;si<\/strong>&nbsp;yat\u0131r\u0131ma katk\u0131 tutar\u0131.<\/li>\n<\/ul>\n<\/li>\n<\/ul>\n\n\n\n<p><strong>Kar\u015f\u0131la\u015ft\u0131rmal\u0131 YKO ve Potansiyel Etkisi:<\/strong><\/p>\n\n\n\n<figure class=\"wp-block-table\"><table class=\"has-fixed-layout\"><tbody><tr><td><strong>Program\/Sistem Ad\u0131<\/strong><\/td><td><strong>Yat\u0131r\u0131ma Katk\u0131 Oran\u0131 (YKO)<\/strong><\/td><td><strong>%60 \u0130ndirimli Vergi Uygulamas\u0131<\/strong><\/td><td><strong>\u00d6ncelik D\u00fczeyi ve Etkisi<\/strong><\/td><\/tr><tr><td>Teknoloji Hamlesi &amp; Yerel Kalk\u0131nma Hamlesi<\/td><td>50%<\/td><td>Evet<\/td><td><strong>En Y\u00fcksek Te\u015fvik:<\/strong>&nbsp;Devletin teknolojik at\u0131l\u0131m ve dengeli b\u00f6lgesel kalk\u0131nmaya verdi\u011fi \u00f6nemi g\u00f6steriyor. Y\u00fcksek getiri potansiyeli.<\/td><\/tr><tr><td>Stratejik Hamle Program\u0131<\/td><td>40%<\/td><td>Evet<\/td><td><strong>Y\u00fcksek Te\u015fvik:<\/strong>&nbsp;\u00dclkenin kritik ihtiya\u00e7lar\u0131n\u0131 kar\u015f\u0131layacak, d\u0131\u015fa ba\u011f\u0131ml\u0131l\u0131\u011f\u0131 azaltacak yat\u0131r\u0131mlara g\u00fc\u00e7l\u00fc destek.<\/td><\/tr><tr><td>\u00d6ncelikli Yat\u0131r\u0131mlar Te\u015fvik Sistemi<\/td><td>30%<\/td><td>Evet<\/td><td><strong>Orta-Y\u00fcksek Te\u015fvik:<\/strong>&nbsp;Belirli sekt\u00f6rlerdeki ve \u00f6zel nitelikli yat\u0131r\u0131mlar\u0131 \u00f6zendiriyor.<\/td><\/tr><tr><td>Hedef Yat\u0131r\u0131mlar Te\u015fvik Sistemi<\/td><td>20%<\/td><td>Evet<\/td><td><strong>Temel Te\u015fvik:<\/strong>&nbsp;Geni\u015f bir yelpazedeki, belirlenen \u015fartlar\u0131 sa\u011flayan yat\u0131r\u0131mlar\u0131 kaps\u0131yor.<\/td><\/tr><\/tbody><\/table><\/figure>\n\n\n\n<p><strong>Devrim Niteli\u011finde Yenilikler ve Stratejik Avantajlar:<\/strong><\/p>\n\n\n\n<ol start=\"1\" class=\"wp-block-list\">\n<li><strong>Di\u011fer Faaliyetlerden Elde Edilen Kazan\u00e7lara Uygulama (MADDE 20\/2):<\/strong>\n<ul class=\"wp-block-list\">\n<li class=\"has-vivid-red-color has-text-color has-link-color wp-elements-2e65deb7ebcd84f224ffa9a7ccb6d088\"><strong>Ne Demek?<\/strong>&nbsp;Yat\u0131r\u0131mc\u0131lar, te\u015fvikli yat\u0131r\u0131mlar\u0131ndan hen\u00fcz yeterli kar (KAZAN\u00c7) elde edemeseler bile, bu maddeye g\u00f6re hesaplanacak yat\u0131r\u0131ma katk\u0131 tutar\u0131n\u0131n&nbsp;<strong>%50&#8217;sini ge\u00e7memek \u00fczere<\/strong>, di\u011fer faaliyetlerinden elde ettikleri kazan\u00e7lar\u0131na indirimli gelir veya kurumlar vergisi uygulayabilecekler.<\/li>\n\n\n\n<li><strong>Etkisi:<\/strong>&nbsp;Bu, \u00f6zellikle yat\u0131r\u0131m\u0131n ilk y\u0131llar\u0131nda karl\u0131l\u0131\u011f\u0131n d\u00fc\u015f\u00fck oldu\u011fu veya mevcut karl\u0131 operasyonlar\u0131 olan b\u00fcy\u00fck firmalar i\u00e7in muazzam bir avantaj. Vergi indiriminden faydalanma s\u00fcresini k\u0131salt\u0131r, nakit ak\u0131\u015f\u0131n\u0131 iyile\u015ftirir ve yat\u0131r\u0131m\u0131n geri d\u00f6n\u00fc\u015f\u00fcn\u00fc h\u0131zland\u0131r\u0131r. Bu, eski sistemlerde de olan bir uygulamayd\u0131 ancak yeni kararda da devam etmesi kritik bir kolayl\u0131k.<\/li>\n<\/ul>\n<\/li>\n<\/ol>\n\n\n\n<ol start=\"2\" class=\"wp-block-list\">\n<li><strong>STRATEJ\u0130K SE\u00c7\u0130M HAKKI: Vergi \u0130ndiriminden Feragat, Ekstra Destek (MADDE 20\/4):<\/strong>\n<ul class=\"wp-block-list\">\n<li><strong>Kimler i\u00e7in?<\/strong>&nbsp;Te\u015fvik belgesi m\u00fcracaat tarihinden en fazla&nbsp;<strong>bir y\u0131l \u00f6ncesinde<\/strong>&nbsp;kurulan (yani yeni) yat\u0131r\u0131mc\u0131lar i\u00e7in sunulan bu opsiyon, karar\u0131n en yenilik\u00e7i ve &#8220;harika \u00f6tesi&#8221; d\u00fczenlemelerinden biri!<\/li>\n\n\n\n<li><strong>Ne Sunuyor?<\/strong>&nbsp;Bu yat\u0131r\u0131mc\u0131lar, talep etmeleri halinde vergi indirimi deste\u011finden&nbsp;<strong>faydalanmamak kayd\u0131yla<\/strong>, bunun yerine faiz\/k\u00e2r pay\u0131 deste\u011fi veya makine deste\u011fi i\u00e7in belirlenmi\u015f olan destek oranlar\u0131na ve azami tutarlar\u0131na&nbsp;<strong>ek art\u0131\u015flar<\/strong>&nbsp;alabiliyorlar:<\/li>\n<\/ul>\n<\/li>\n<\/ol>\n\n\n\n<ol start=\"2\" class=\"wp-block-list\">\n<li><strong>T\u00fcrkiye Y\u00fczy\u0131l\u0131 Kalk\u0131nma Hamlesi:<\/strong>&nbsp;Faiz\/k\u00e2r pay\u0131 veya makine deste\u011finin sabit yat\u0131r\u0131ma oran\u0131na&nbsp;<strong>+5 puan<\/strong>&nbsp;eklenir ve azami destek tutar\u0131na&nbsp;<strong>+60 Milyon TL<\/strong>&nbsp;eklenir.<\/li>\n\n\n\n<li><strong>\u00d6ncelikli Yat\u0131r\u0131mlar Te\u015fvik Sistemi:<\/strong>&nbsp;Faiz\/k\u00e2r pay\u0131 deste\u011finin sabit yat\u0131r\u0131ma oran\u0131na&nbsp;<strong>+2 puan&nbsp;<\/strong>eklenir ve azami destek tutar\u0131na&nbsp;<strong>+6 Milyon TL<\/strong>&nbsp;eklenir.<\/li>\n\n\n\n<li><strong>Hedef Yat\u0131r\u0131mlar Te\u015fvik Sistemi:<\/strong>&nbsp;Faiz\/k\u00e2r pay\u0131 deste\u011finin sabit yat\u0131r\u0131ma oran\u0131na&nbsp;<strong>+2 puan<\/strong>&nbsp;eklenir ve azami destek tutar\u0131na&nbsp;<strong>+2 Milyon 400 Bin TL<\/strong>&nbsp;eklenir.<\/li>\n\n\n\n<li><strong>Stratejik \u00d6nemi:<\/strong>&nbsp;Bu, \u00f6zellikle ilk y\u0131llarda y\u00fcksek kar beklemeyen, ancak ba\u015flang\u0131\u00e7taki finansman y\u00fck\u00fcn\u00fc hafifletmek isteyen yeni giri\u015fimler veya projeler i\u00e7in paha bi\u00e7ilemez bir esneklik sunar. Yat\u0131r\u0131mc\u0131, projesinin nakit ak\u0131\u015f projeksiyonlar\u0131na ve finansman ihtiyac\u0131na g\u00f6re &#8220;vergi kalkan\u0131 m\u0131, yoksa daha y\u00fcksek do\u011frudan destek mi?&#8221; karar\u0131n\u0131 verebilir. Bu, &#8220;tek beden herkese uyar&#8221; anlay\u0131\u015f\u0131ndan uzak, yat\u0131r\u0131mc\u0131ya \u00f6zel bir \u00e7\u00f6z\u00fcm sunma \u00e7abas\u0131d\u0131r.<\/li>\n<\/ol>\n\n\n\n<p><strong>Kimler Vergi \u0130ndiriminden Yararlanamaz? (MADDE 20\/3)<\/strong><br>Her te\u015fvikte oldu\u011fu gibi, baz\u0131 harcamalar ve yat\u0131r\u0131m t\u00fcrleri vergi indirimi kapsam\u0131 d\u0131\u015f\u0131ndad\u0131r:<\/p>\n\n\n\n<ul class=\"wp-block-list\">\n<li>Arazi, arsa, royalti, yedek par\u00e7a.<\/li>\n\n\n\n<li>Amortismana t\u00e2bi olmayan di\u011fer harcamalar.<\/li>\n\n\n\n<li>Finans ve sigortac\u0131l\u0131k sekt\u00f6r\u00fcnde faaliyet g\u00f6steren kurumlar.<\/li>\n\n\n\n<li>\u0130\u015f ortakl\u0131klar\u0131.<\/li>\n\n\n\n<li>Yap-\u0130\u015flet, Yap-\u0130\u015flet-Devret modeliyle yap\u0131lan yat\u0131r\u0131mlar.<\/li>\n\n\n\n<li>R\u00f6dovans s\u00f6zle\u015fmesine ba\u011fl\u0131 yat\u0131r\u0131mlar.<\/li>\n<\/ul>\n\n\n\n<p><strong>Sonu\u00e7: T\u00fcrkiye&#8217;nin Yat\u0131r\u0131m Daveti G\u00fc\u00e7leniyor<\/strong><\/p>\n\n\n\n<p>9903 say\u0131l\u0131 Cumhurba\u015fkan\u0131 Karar\u0131, T\u00fcrkiye&#8217;nin yat\u0131r\u0131m ortam\u0131n\u0131 daha rekabet\u00e7i, \u00f6ng\u00f6r\u00fclebilir ve stratejik hedeflere odakl\u0131 hale getirme yolunda at\u0131lm\u0131\u015f cesur bir ad\u0131md\u0131r. &#8220;T\u00fcrkiye Y\u00fczy\u0131l\u0131 Kalk\u0131nma Hamlesi&#8221; gibi yeni ve iddial\u0131 programlar, makine deste\u011fi gibi somut yeni te\u015fvikler ve ekosistem geli\u015ftirme gibi yenilik\u00e7i yakla\u015f\u0131mlar hem yerli hem de uluslararas\u0131 yat\u0131r\u0131mc\u0131lar i\u00e7in T\u00fcrkiye&#8217;yi daha cazip bir yat\u0131r\u0131m merkezi yapma potansiyelini ta\u015f\u0131yor. Bu karar, sadece bir te\u015fvik paketi olman\u0131n \u00f6tesinde, T\u00fcrkiye&#8217;nin gelecekteki ekonomik vizyonunun ve kararl\u0131l\u0131\u011f\u0131n\u0131n bir ilan\u0131 niteli\u011findedir. Yat\u0131r\u0131mc\u0131lar\u0131n bu yeni d\u00fczenlemeyi detayl\u0131ca inceleyerek sunulan f\u0131rsatlar\u0131 de\u011ferlendirmesi, \u00fclkenin kalk\u0131nma yolculu\u011funa \u00f6nemli katk\u0131lar sunacakt\u0131r.<\/p>\n\n\n\n<p><strong>Sayg\u0131lar\u0131m\u0131zla.<\/strong><\/p>\n\n\n\n<figure class=\"wp-block-gallery has-nested-images columns-default is-cropped wp-block-gallery-1 is-layout-flex wp-block-gallery-is-layout-flex\">\n<figure class=\"wp-block-image size-large\"><img decoding=\"async\" width=\"1024\" height=\"832\" data-id=\"1180\" src=\"https:\/\/zetunas.com\/wp-content\/uploads\/2025\/06\/2-1-1024x832.jpg\" alt=\"\" class=\"wp-image-1180\"\/><\/figure>\n<\/figure>\n\n\n\n<p><\/p>\n","protected":false},"excerpt":{"rendered":"<p>Giri\u015f: Yeni Bir Vizyon, G\u00fc\u00e7l\u00fc Bir Hamle 30 May\u0131s 2025 tarihli ve 32915 say\u0131l\u0131 Resm\u00ee Gazete \u2018de yay\u0131mlanan 9903 say\u0131l\u0131 Cumhurba\u015fkan\u0131 Karar\u0131, T\u00fcrkiye&#8217;nin yat\u0131r\u0131m te\u015fvik sisteminde k\u00f6kl\u00fc bir de\u011fi\u015fimin habercisi. &#8220;Yat\u0131r\u0131mlarda Devlet Yard\u0131mlar\u0131 Hakk\u0131nda Karar&#8221; ba\u015fl\u0131\u011f\u0131 alt\u0131nda sunulan bu yeni d\u00fczenleme, 2012\/3305 ve 2018\/11201 say\u0131l\u0131 \u00f6nceki kararlar\u0131 y\u00fcr\u00fcrl\u00fckten kald\u0131rarak, \u00fclkenin kalk\u0131nma hedefleri do\u011frultusunda daha odakl\u0131, [&hellip;]<\/p>\n","protected":false},"author":2,"featured_media":0,"comment_status":"closed","ping_status":"closed","sticky":false,"template":"","format":"standard","meta":{"footnotes":""},"categories":[19],"tags":[47,73,45,46,48,50,49,42,39,74,51,52,25,76],"class_list":["post-1174","post","type-post","status-publish","format-standard","hentry","category-mevzuat","tag-faiz-veya-kar-payi-destegi","tag-giris","tag-gumruk-vergisi-muafiyeti","tag-kdv-istisnasi","tag-makine-destegi","tag-sigorta-primi-destegi","tag-sigorta-primi-isveren-hissesi-destegi","tag-stratejik-hamle-programi","tag-teknoloji-hamlesi-programi","tag-turkiye-yuzyili-kalkinma-hamlesi","tag-vergi-indirimi","tag-yatirim-yeri-tahsisi","tag-yatirimlarda-devlet-yardimlari-hakkinda-karar","tag-yerel-kalkinma-hamlesi-programi"],"_links":{"self":[{"href":"https:\/\/zetunas.com\/index.php\/wp-json\/wp\/v2\/posts\/1174","targetHints":{"allow":["GET"]}}],"collection":[{"href":"https:\/\/zetunas.com\/index.php\/wp-json\/wp\/v2\/posts"}],"about":[{"href":"https:\/\/zetunas.com\/index.php\/wp-json\/wp\/v2\/types\/post"}],"author":[{"embeddable":true,"href":"https:\/\/zetunas.com\/index.php\/wp-json\/wp\/v2\/users\/2"}],"replies":[{"embeddable":true,"href":"https:\/\/zetunas.com\/index.php\/wp-json\/wp\/v2\/comments?post=1174"}],"version-history":[{"count":2,"href":"https:\/\/zetunas.com\/index.php\/wp-json\/wp\/v2\/posts\/1174\/revisions"}],"predecessor-version":[{"id":1183,"href":"https:\/\/zetunas.com\/index.php\/wp-json\/wp\/v2\/posts\/1174\/revisions\/1183"}],"wp:attachment":[{"href":"https:\/\/zetunas.com\/index.php\/wp-json\/wp\/v2\/media?parent=1174"}],"wp:term":[{"taxonomy":"category","embeddable":true,"href":"https:\/\/zetunas.com\/index.php\/wp-json\/wp\/v2\/categories?post=1174"},{"taxonomy":"post_tag","embeddable":true,"href":"https:\/\/zetunas.com\/index.php\/wp-json\/wp\/v2\/tags?post=1174"}],"curies":[{"name":"wp","href":"https:\/\/api.w.org\/{rel}","templated":true}]}}